{"id":43207,"date":"2020-02-04T12:28:30","date_gmt":"2020-02-04T18:28:30","guid":{"rendered":"http:\/\/globalnewsmexico.com\/sitio\/?p=43207"},"modified":"2020-02-04T12:28:30","modified_gmt":"2020-02-04T18:28:30","slug":"salud-basificara-por-etapas-a-87-mil-trabajadores","status":"publish","type":"post","link":"https:\/\/globalnewsmexico.com\/sitio\/salud-basificara-por-etapas-a-87-mil-trabajadores\/","title":{"rendered":"Salud basificar\u00e1 por etapas a 87 mil trabajadores"},"content":{"rendered":"<p>La Secretar\u00eda de Salud basificar\u00e1 por etapas a 87 mil trabajadores en lo que resta de la presente administraci\u00f3n, tomando en cuenta la antig\u00fcedad del personal, inform\u00f3 hoy el subsecretario Hugo L\u00f3pez-Gatell.<\/p>\n<p>\u201cSe inici\u00f3 el proceso de basificaci\u00f3n por etapas de 87 mil trabajadores, son etapas delineadas donde se tema en cuenta principalmente el criterio de antig\u00fcedad, se atender\u00e1 primero a quienes llevan m\u00e1s a\u00f1os laborando en esas condiciones adversas\u201d, explic\u00f3.<\/p>\n<p>En la conferencia de prensa matutina presidencial, L\u00f3pez-Gatell a\u00f1adi\u00f3 que en 2020 se dar\u00e1 seguridad laboral a 17 mil 274 trabajadores, 5 mil 227 que tengan ocho o m\u00e1s a\u00f1os de antig\u00fcedad, 6 mil 037 con nueve o m\u00e1s a\u00f1os, y 6 mil 10, con 10 o m\u00e1s a\u00f1os al servicio de la Secretar\u00eda de Salud.<\/p>\n<p>De ellos hay 2 mil 539 m\u00e9dicos, mil 365 enfermeras, 841 param\u00e9dicos, 107 de personal de confianza, 359 afines y 799 administrativos.<\/p>\n<p>\u201cEsa basificaci\u00f3n se har\u00e1 en tres etapas, son trabajadores de todos los \u00e1mbitos, personal gerencial, m\u00e9dicos, param\u00e9dicos y del campo administrativo. Ellos ten\u00edan una enorme inestabilidad laboral durante muchos a\u00f1os, esto se hace con una visi\u00f3n de justicia y compromiso\u201d, finaliz\u00f3 L\u00f3pez-Gatell.<\/p>\n<p>Fuente: Notimex<\/p>\n","protected":false},"excerpt":{"rendered":"<p>La Secretar\u00eda de Salud basificar\u00e1 por etapas a 87 mil trabajadores en lo que resta de la presente administraci\u00f3n, tomando en cuenta la antig\u00fcedad del personal, inform\u00f3 hoy el subsecretario Hugo L\u00f3pez-Gatell. \u201cSe inici\u00f3 el proceso de basificaci\u00f3n por etapas de 87 mil trabajadores, son etapas delineadas donde se tema en cuenta principalmente el criterio<a class=\"read-more\" href=\"https:\/\/globalnewsmexico.com\/sitio\/salud-basificara-por-etapas-a-87-mil-trabajadores\/\">Leer m\u00e1s<\/a><\/p>\n","protected":false},"author":5,"featured_media":43208,"comment_status":"closed","ping_status":"open","sticky":false,"template":"","format":"standard","meta":{"spay_email":"","footnotes":""},"categories":[37,8,40,52],"tags":[],"jetpack_featured_media_url":"https:\/\/i2.wp.com\/globalnewsmexico.com\/sitio\/wp-content\/uploads\/2020\/02\/hugoEOz631DXsAAvJTF-780x470.jpg?fit=1040%2C626&ssl=1","jetpack_sharing_enabled":true,"jetpack_shortlink":"https:\/\/wp.me\/p9yqPL-beT","jetpack_likes_enabled":true,"_links":{"self":[{"href":"https:\/\/globalnewsmexico.com\/sitio\/wp-json\/wp\/v2\/posts\/43207"}],"collection":[{"href":"https:\/\/globalnewsmexico.com\/sitio\/wp-json\/wp\/v2\/posts"}],"about":[{"href":"https:\/\/globalnewsmexico.com\/sitio\/wp-json\/wp\/v2\/types\/post"}],"author":[{"embeddable":true,"href":"https:\/\/globalnewsmexico.com\/sitio\/wp-json\/wp\/v2\/users\/5"}],"replies":[{"embeddable":true,"href":"https:\/\/globalnewsmexico.com\/sitio\/wp-json\/wp\/v2\/comments?post=43207"}],"version-history":[{"count":0,"href":"https:\/\/globalnewsmexico.com\/sitio\/wp-json\/wp\/v2\/posts\/43207\/revisions"}],"wp:featuredmedia":[{"embeddable":true,"href":"https:\/\/globalnewsmexico.com\/sitio\/wp-json\/wp\/v2\/media\/43208"}],"wp:attachment":[{"href":"https:\/\/globalnewsmexico.com\/sitio\/wp-json\/wp\/v2\/media?parent=43207"}],"wp:term":[{"taxonomy":"category","embeddable":true,"href":"https:\/\/globalnewsmexico.com\/sitio\/wp-json\/wp\/v2\/categories?post=43207"},{"taxonomy":"post_tag","embeddable":true,"href":"https:\/\/globalnewsmexico.com\/sitio\/wp-json\/wp\/v2\/tags?post=43207"}],"curies":[{"name":"wp","href":"https:\/\/api.w.org\/{rel}","templated":true}]}}