{"id":43323,"date":"2020-02-06T11:24:20","date_gmt":"2020-02-06T17:24:20","guid":{"rendered":"http:\/\/globalnewsmexico.com\/sitio\/?p=43323"},"modified":"2020-02-06T11:24:20","modified_gmt":"2020-02-06T17:24:20","slug":"emite-pc-aviso-especial-por-frente-frio-en-veracruz-2","status":"publish","type":"post","link":"https:\/\/globalnewsmexico.com\/sitio\/emite-pc-aviso-especial-por-frente-frio-en-veracruz-2\/","title":{"rendered":"Emite PC Aviso Especial por frente fr\u00edo en Veracruz"},"content":{"rendered":"<p>La Secretar\u00eda de Protecci\u00f3n Civil de Veracruz emiti\u00f3 un Aviso Especial, debido a un evento de &#8216;norte&#8217; que se registrar\u00e1 en la entidad, tras el paso del frente fr\u00edo n\u00famero 38.<\/p>\n<p>De acuerdo con la dependencia, esto traer\u00e1 adem\u00e1s un descenso de temperatura, lluvias dispersas y nieblas en zonas de monta\u00f1a, as\u00ed como vientos con rachas de 60 a 75 kil\u00f3metros por hora.<\/p>\n<p>A su vez, el evento de &#8216;surada&#8217; que se ha presentado en la zona centro y sur del estado, contin\u00faa debilit\u00e1ndose.<\/p>\n","protected":false},"excerpt":{"rendered":"<p>La Secretar\u00eda de Protecci\u00f3n Civil de Veracruz emiti\u00f3 un Aviso Especial, debido a un evento de &#8216;norte&#8217; que se registrar\u00e1 en la entidad, tras el paso del frente fr\u00edo n\u00famero 38. De acuerdo con la dependencia, esto traer\u00e1 adem\u00e1s un descenso de temperatura, lluvias dispersas y nieblas en zonas de monta\u00f1a, as\u00ed como vientos con<a class=\"read-more\" href=\"https:\/\/globalnewsmexico.com\/sitio\/emite-pc-aviso-especial-por-frente-frio-en-veracruz-2\/\">Leer m\u00e1s<\/a><\/p>\n","protected":false},"author":5,"featured_media":43324,"comment_status":"closed","ping_status":"open","sticky":false,"template":"","format":"standard","meta":{"spay_email":"","footnotes":""},"categories":[37,8,50,52],"tags":[],"jetpack_featured_media_url":"https:\/\/i2.wp.com\/globalnewsmexico.com\/sitio\/wp-content\/uploads\/2020\/02\/1083074.jpg?fit=1040%2C693&ssl=1","jetpack_sharing_enabled":true,"jetpack_shortlink":"https:\/\/wp.me\/p9yqPL-bgL","jetpack_likes_enabled":true,"_links":{"self":[{"href":"https:\/\/globalnewsmexico.com\/sitio\/wp-json\/wp\/v2\/posts\/43323"}],"collection":[{"href":"https:\/\/globalnewsmexico.com\/sitio\/wp-json\/wp\/v2\/posts"}],"about":[{"href":"https:\/\/globalnewsmexico.com\/sitio\/wp-json\/wp\/v2\/types\/post"}],"author":[{"embeddable":true,"href":"https:\/\/globalnewsmexico.com\/sitio\/wp-json\/wp\/v2\/users\/5"}],"replies":[{"embeddable":true,"href":"https:\/\/globalnewsmexico.com\/sitio\/wp-json\/wp\/v2\/comments?post=43323"}],"version-history":[{"count":0,"href":"https:\/\/globalnewsmexico.com\/sitio\/wp-json\/wp\/v2\/posts\/43323\/revisions"}],"wp:featuredmedia":[{"embeddable":true,"href":"https:\/\/globalnewsmexico.com\/sitio\/wp-json\/wp\/v2\/media\/43324"}],"wp:attachment":[{"href":"https:\/\/globalnewsmexico.com\/sitio\/wp-json\/wp\/v2\/media?parent=43323"}],"wp:term":[{"taxonomy":"category","embeddable":true,"href":"https:\/\/globalnewsmexico.com\/sitio\/wp-json\/wp\/v2\/categories?post=43323"},{"taxonomy":"post_tag","embeddable":true,"href":"https:\/\/globalnewsmexico.com\/sitio\/wp-json\/wp\/v2\/tags?post=43323"}],"curies":[{"name":"wp","href":"https:\/\/api.w.org\/{rel}","templated":true}]}}