{"id":43407,"date":"2020-02-07T14:54:11","date_gmt":"2020-02-07T20:54:11","guid":{"rendered":"http:\/\/globalnewsmexico.com\/sitio\/?p=43407"},"modified":"2020-02-07T14:54:11","modified_gmt":"2020-02-07T20:54:11","slug":"avion-presidencial-regresa-a-mexico-en-abril-amlo","status":"publish","type":"post","link":"https:\/\/globalnewsmexico.com\/sitio\/avion-presidencial-regresa-a-mexico-en-abril-amlo\/","title":{"rendered":"Avi\u00f3n presidencial regresa a M\u00e9xico en abril: AMLO"},"content":{"rendered":"<p>El avi\u00f3n presidencial regresar\u00e1 en abril, inform\u00f3 el presidente Andr\u00e9s Manuel L\u00f3pez Obrador.<\/p>\n<p>\u00abSe calcula que para mediados de abril, porque se est\u00e1 haciendo toda una revisi\u00f3n completa. Puede volar, pero se requiere una certificaci\u00f3n\u00bb, dijo.<\/p>\n<p>Cabe recordar que la aeronave modelo TP01 787\u20138, se encuentra resguardada en California, Estados Unidos<\/p>\n<p>El presidente dijo confiar en los ciudadanos mexicanos para que apoyen comprando boletos de la Loter\u00eda Nacional, porque ser\u00e1 una rifa hist\u00f3rica la que se va a llevar a cabo.<\/p>\n<p>Fuente: Xeu Noticias<\/p>\n","protected":false},"excerpt":{"rendered":"<p>El avi\u00f3n presidencial regresar\u00e1 en abril, inform\u00f3 el presidente Andr\u00e9s Manuel L\u00f3pez Obrador. \u00abSe calcula que para mediados de abril, porque se est\u00e1 haciendo toda una revisi\u00f3n completa. Puede volar, pero se requiere una certificaci\u00f3n\u00bb, dijo. Cabe recordar que la aeronave modelo TP01 787\u20138, se encuentra resguardada en California, Estados Unidos El presidente dijo confiar<a class=\"read-more\" href=\"https:\/\/globalnewsmexico.com\/sitio\/avion-presidencial-regresa-a-mexico-en-abril-amlo\/\">Leer m\u00e1s<\/a><\/p>\n","protected":false},"author":5,"featured_media":43408,"comment_status":"closed","ping_status":"open","sticky":false,"template":"","format":"standard","meta":{"spay_email":"","footnotes":""},"categories":[37,8,40,52],"tags":[],"jetpack_featured_media_url":"https:\/\/i1.wp.com\/globalnewsmexico.com\/sitio\/wp-content\/uploads\/2020\/02\/1083346.jpg?fit=1040%2C693&ssl=1","jetpack_sharing_enabled":true,"jetpack_shortlink":"https:\/\/wp.me\/p9yqPL-bi7","jetpack_likes_enabled":true,"_links":{"self":[{"href":"https:\/\/globalnewsmexico.com\/sitio\/wp-json\/wp\/v2\/posts\/43407"}],"collection":[{"href":"https:\/\/globalnewsmexico.com\/sitio\/wp-json\/wp\/v2\/posts"}],"about":[{"href":"https:\/\/globalnewsmexico.com\/sitio\/wp-json\/wp\/v2\/types\/post"}],"author":[{"embeddable":true,"href":"https:\/\/globalnewsmexico.com\/sitio\/wp-json\/wp\/v2\/users\/5"}],"replies":[{"embeddable":true,"href":"https:\/\/globalnewsmexico.com\/sitio\/wp-json\/wp\/v2\/comments?post=43407"}],"version-history":[{"count":0,"href":"https:\/\/globalnewsmexico.com\/sitio\/wp-json\/wp\/v2\/posts\/43407\/revisions"}],"wp:featuredmedia":[{"embeddable":true,"href":"https:\/\/globalnewsmexico.com\/sitio\/wp-json\/wp\/v2\/media\/43408"}],"wp:attachment":[{"href":"https:\/\/globalnewsmexico.com\/sitio\/wp-json\/wp\/v2\/media?parent=43407"}],"wp:term":[{"taxonomy":"category","embeddable":true,"href":"https:\/\/globalnewsmexico.com\/sitio\/wp-json\/wp\/v2\/categories?post=43407"},{"taxonomy":"post_tag","embeddable":true,"href":"https:\/\/globalnewsmexico.com\/sitio\/wp-json\/wp\/v2\/tags?post=43407"}],"curies":[{"name":"wp","href":"https:\/\/api.w.org\/{rel}","templated":true}]}}