{"id":43456,"date":"2020-02-08T15:43:47","date_gmt":"2020-02-08T21:43:47","guid":{"rendered":"http:\/\/globalnewsmexico.com\/sitio\/?p=43456"},"modified":"2020-02-08T15:43:47","modified_gmt":"2020-02-08T21:43:47","slug":"inseguridad-tema-que-me-preocupa-y-ocupa-amlo","status":"publish","type":"post","link":"https:\/\/globalnewsmexico.com\/sitio\/inseguridad-tema-que-me-preocupa-y-ocupa-amlo\/","title":{"rendered":"Inseguridad, tema que me preocupa y ocupa: AMLO"},"content":{"rendered":"<p>El presidente Andr\u00e9s Manuel L\u00f3pez Obrador se\u00f1al\u00f3 que la inseguridad en el pa\u00eds es un tema que le preocupa y ocupa, y por ello todos los d\u00edas, desde muy temprano, se re\u00fane con el Gabinete de Seguridad para conocer de primera mano los reportes de incidencia delictiva.<\/p>\n<p>Sin embargo, el mandatario federal reafirm\u00f3 que su estrategia no se basa en hacer uso de la fuerza para combatir la inseguridad, tal como se hizo en reg\u00edmenes anteriores, sino en atender los or\u00edgenes para terminar de manera definitiva con este flagelo.<\/p>\n<p>En ese sentido se\u00f1al\u00f3 que como nunca antes se est\u00e1n dispersando recursos para atender a los j\u00f3venes, quienes al haber estado mucho tiempo en el abandono y sin oportunidades, fueron presas de la delincuencia organizada.<\/p>\n<p>L\u00f3pez Obrador enfatiz\u00f3 que su gobierno est\u00e1 empe\u00f1ado en atender a los que menos recursos tienen y que han padecido de la indiferencia gubernamental por a\u00f1os.<\/p>\n<p>En un evento donde dialog\u00f3 con comunidades otom\u00edes, el jefe del Ejecutivo indic\u00f3 que todos los d\u00edas, desde muy temprano, encabeza una reuni\u00f3n con su Gabinete de Seguridad donde se le reportan los \u00edndices delictivos.<\/p>\n<p>\u201cMe preocupo y me ocupo, estoy dedicando todo el tiempo porque tenemos que lograr la paz y tranquilidad del pa\u00eds, ese es mi compromiso. S\u00ed abrazos, no balazos. Si atendemos el campo, si hay trabajo, si son buenos los salarios, s\u00ed hay bienestar habr\u00e1 paz y tranquilidad en el pa\u00eds\u201d, expres\u00f3.<\/p>\n<p>En el evento, al que no asisti\u00f3 el gobernador de Quer\u00e9taro, Francisco Dom\u00ednguez Servi\u00e9n, el presidente L\u00f3pez Obrador se comprometi\u00f3 a ocuparse todos los d\u00edas por reducir la criminalidad en M\u00e9xico.<\/p>\n<p>Previamente, \u00c1ngel S\u00e1nchez Vicente, representante de la comunidad otom\u00ed, pidi\u00f3 al mandatario federal auxilio ya que la regi\u00f3n es acosada por la presencia del crimen organizado, por lo que solicit\u00f3 un despliegue m\u00e1s amplio de la Guarda Nacional en esa regi\u00f3n.<\/p>\n<p>Fuente: Notimex<\/p>\n","protected":false},"excerpt":{"rendered":"<p>El presidente Andr\u00e9s Manuel L\u00f3pez Obrador se\u00f1al\u00f3 que la inseguridad en el pa\u00eds es un tema que le preocupa y ocupa, y por ello todos los d\u00edas, desde muy temprano, se re\u00fane con el Gabinete de Seguridad para conocer de primera mano los reportes de incidencia delictiva. Sin embargo, el mandatario federal reafirm\u00f3 que su<a class=\"read-more\" href=\"https:\/\/globalnewsmexico.com\/sitio\/inseguridad-tema-que-me-preocupa-y-ocupa-amlo\/\">Leer m\u00e1s<\/a><\/p>\n","protected":false},"author":5,"featured_media":43457,"comment_status":"closed","ping_status":"open","sticky":false,"template":"","format":"standard","meta":{"spay_email":"","footnotes":""},"categories":[37,8,40,52],"tags":[],"jetpack_featured_media_url":"https:\/\/i0.wp.com\/globalnewsmexico.com\/sitio\/wp-content\/uploads\/2020\/02\/1083582.jpg?fit=1040%2C689&ssl=1","jetpack_sharing_enabled":true,"jetpack_shortlink":"https:\/\/wp.me\/p9yqPL-biU","jetpack_likes_enabled":true,"_links":{"self":[{"href":"https:\/\/globalnewsmexico.com\/sitio\/wp-json\/wp\/v2\/posts\/43456"}],"collection":[{"href":"https:\/\/globalnewsmexico.com\/sitio\/wp-json\/wp\/v2\/posts"}],"about":[{"href":"https:\/\/globalnewsmexico.com\/sitio\/wp-json\/wp\/v2\/types\/post"}],"author":[{"embeddable":true,"href":"https:\/\/globalnewsmexico.com\/sitio\/wp-json\/wp\/v2\/users\/5"}],"replies":[{"embeddable":true,"href":"https:\/\/globalnewsmexico.com\/sitio\/wp-json\/wp\/v2\/comments?post=43456"}],"version-history":[{"count":0,"href":"https:\/\/globalnewsmexico.com\/sitio\/wp-json\/wp\/v2\/posts\/43456\/revisions"}],"wp:featuredmedia":[{"embeddable":true,"href":"https:\/\/globalnewsmexico.com\/sitio\/wp-json\/wp\/v2\/media\/43457"}],"wp:attachment":[{"href":"https:\/\/globalnewsmexico.com\/sitio\/wp-json\/wp\/v2\/media?parent=43456"}],"wp:term":[{"taxonomy":"category","embeddable":true,"href":"https:\/\/globalnewsmexico.com\/sitio\/wp-json\/wp\/v2\/categories?post=43456"},{"taxonomy":"post_tag","embeddable":true,"href":"https:\/\/globalnewsmexico.com\/sitio\/wp-json\/wp\/v2\/tags?post=43456"}],"curies":[{"name":"wp","href":"https:\/\/api.w.org\/{rel}","templated":true}]}}