{"id":43503,"date":"2020-02-10T14:31:40","date_gmt":"2020-02-10T20:31:40","guid":{"rendered":"http:\/\/globalnewsmexico.com\/sitio\/?p=43503"},"modified":"2020-02-10T14:31:40","modified_gmt":"2020-02-10T20:31:40","slug":"zaldivar-presentara-el-miercoles-propuesta-de-reforma-judicial","status":"publish","type":"post","link":"https:\/\/globalnewsmexico.com\/sitio\/zaldivar-presentara-el-miercoles-propuesta-de-reforma-judicial\/","title":{"rendered":"Zald\u00edvar presentar\u00e1 el mi\u00e9rcoles propuesta de reforma judicial"},"content":{"rendered":"<p>El presidente de la Suprema Corte de Justicia de la Naci\u00f3n (SCJN), Arturo Zald\u00edvar, presentar\u00e1 el pr\u00f3ximo mi\u00e9rcoles la propuesta del Poder Judicial de la Federaci\u00f3n (PJF) para la Reforma Judicial.<\/p>\n<p>Al evento, que han titulado &#8216;Reforma Judicial con y para el Poder Judicial&#8217;, asistir\u00e1n representantes del Senado y de la Presidencia de la Rep\u00fablica.<\/p>\n<p>La presentaci\u00f3n de esta propuesta se da un mes despu\u00e9s de que se filtraron diversos proyectos de reformas a la Constituci\u00f3n y a los c\u00f3digos penales, que fueron atribuidos a la Fiscal\u00eda General de la Rep\u00fablica (FGR), y que conten\u00edan medidas para someter al PJF a controles externos, por parte del Senado.<\/p>\n<p>Desde diciembre del a\u00f1o pasado, cuando se planteaba por primera vez la necesidad de someter a reforma al PJF, el ministro Zald\u00edvar afirm\u00f3 que estos cambios vendr\u00edan desde el interior de este Poder, con la participaci\u00f3n de jueces, magistrados y ministros; incluso se\u00f1al\u00f3: \u201cen el Poder Judicial hemos emprendido un proceso de autorreforma que busca renovar de fondo nuestra identidad y \u00e9tica institucional\u201d.<\/p>\n<p>Se habl\u00f3 entonces de que habr\u00eda una consulta dentro del PJF, abierta tambi\u00e9n a acad\u00e9micos y juristas, convocada por la propia SCJN; sin embargo, esto no ocurri\u00f3.<\/p>\n<p>Fuente: La Jornada<\/p>\n","protected":false},"excerpt":{"rendered":"<p>El presidente de la Suprema Corte de Justicia de la Naci\u00f3n (SCJN), Arturo Zald\u00edvar, presentar\u00e1 el pr\u00f3ximo mi\u00e9rcoles la propuesta del Poder Judicial de la Federaci\u00f3n (PJF) para la Reforma Judicial. Al evento, que han titulado &#8216;Reforma Judicial con y para el Poder Judicial&#8217;, asistir\u00e1n representantes del Senado y de la Presidencia de la Rep\u00fablica.<a class=\"read-more\" href=\"https:\/\/globalnewsmexico.com\/sitio\/zaldivar-presentara-el-miercoles-propuesta-de-reforma-judicial\/\">Leer m\u00e1s<\/a><\/p>\n","protected":false},"author":5,"featured_media":43504,"comment_status":"closed","ping_status":"open","sticky":false,"template":"","format":"standard","meta":{"spay_email":"","footnotes":""},"categories":[37,8,40,52],"tags":[],"jetpack_featured_media_url":"https:\/\/i0.wp.com\/globalnewsmexico.com\/sitio\/wp-content\/uploads\/2020\/02\/Zald\u00edvar.jpg?fit=1040%2C756&ssl=1","jetpack_sharing_enabled":true,"jetpack_shortlink":"https:\/\/wp.me\/p9yqPL-bjF","jetpack_likes_enabled":true,"_links":{"self":[{"href":"https:\/\/globalnewsmexico.com\/sitio\/wp-json\/wp\/v2\/posts\/43503"}],"collection":[{"href":"https:\/\/globalnewsmexico.com\/sitio\/wp-json\/wp\/v2\/posts"}],"about":[{"href":"https:\/\/globalnewsmexico.com\/sitio\/wp-json\/wp\/v2\/types\/post"}],"author":[{"embeddable":true,"href":"https:\/\/globalnewsmexico.com\/sitio\/wp-json\/wp\/v2\/users\/5"}],"replies":[{"embeddable":true,"href":"https:\/\/globalnewsmexico.com\/sitio\/wp-json\/wp\/v2\/comments?post=43503"}],"version-history":[{"count":0,"href":"https:\/\/globalnewsmexico.com\/sitio\/wp-json\/wp\/v2\/posts\/43503\/revisions"}],"wp:featuredmedia":[{"embeddable":true,"href":"https:\/\/globalnewsmexico.com\/sitio\/wp-json\/wp\/v2\/media\/43504"}],"wp:attachment":[{"href":"https:\/\/globalnewsmexico.com\/sitio\/wp-json\/wp\/v2\/media?parent=43503"}],"wp:term":[{"taxonomy":"category","embeddable":true,"href":"https:\/\/globalnewsmexico.com\/sitio\/wp-json\/wp\/v2\/categories?post=43503"},{"taxonomy":"post_tag","embeddable":true,"href":"https:\/\/globalnewsmexico.com\/sitio\/wp-json\/wp\/v2\/tags?post=43503"}],"curies":[{"name":"wp","href":"https:\/\/api.w.org\/{rel}","templated":true}]}}