{"id":436,"date":"2016-05-13T06:15:55","date_gmt":"2016-05-13T06:15:55","guid":{"rendered":"https:\/\/8degreethemes.com\/demo\/maggie-lite\/?p=436"},"modified":"2018-01-14T18:52:21","modified_gmt":"2018-01-15T00:52:21","slug":"this-is-an-example-video-post","status":"publish","type":"post","link":"https:\/\/globalnewsmexico.com\/sitio\/this-is-an-example-video-post\/","title":{"rendered":"iPhone, iPad y Mac, en riesgo por falla en chips de Intel"},"content":{"rendered":"<div class=\"main-article-wrapper\">\n<div class=\"sub-title\">\n<div id=\"m47-46-48\">Apple comunic\u00f3 que todas sus computadoras Mac y sus dispositivos con iOS, como iPhone y iPad, est\u00e1n en riesgo por la falla en los chips de Intel reportada esta semana.<\/div>\n<div><\/div>\n<\/div>\n<\/div>\n<div class=\"lower-article-part\">\n<div class=\"details-box\"><\/div>\n<\/div>\n<p><span class=\"embed-youtube\" style=\"text-align:center; display: block;\"><iframe class='youtube-player' width='640' height='360' src='https:\/\/www.youtube.com\/embed\/XzScxK39S8E?version=3&#038;rel=1&#038;showsearch=0&#038;showinfo=1&#038;iv_load_policy=1&#038;fs=1&#038;hl=es-ES&#038;autohide=2&#038;wmode=transparent' allowfullscreen='true' style='border:0;' sandbox='allow-scripts allow-same-origin allow-popups allow-presentation'><\/iframe><\/span><\/p>\n<p>&nbsp;<\/p>\n<p>Este jueves, Apple dijo que todas sus computadoras\u00a0<b>Mac y sus dispositivos con iOS, como iPhone y iPad<\/b>, est\u00e1n en riesgo<b>\u00a0por la falla en los chips de Intel<\/b>\u00a0reportada esta semana; en tanto, el sistema del Apple Watch no est\u00e1 en peligro.<\/p>\n<p>A pesar de esta falla, la compa\u00f1\u00eda tecnol\u00f3gica de Cupertino, California, se\u00f1al\u00f3 que\u00a0<b>hasta el momento no hay usuarios afectados directamente<\/b>.<\/p>\n<p><b>Intel confirm\u00f3\u00a0el mi\u00e9rcoles\u00a0un fallo en sus chips<\/b>\u00a0que vulnera sistemas de seguridad en donde se guardan contrase\u00f1as.<\/p>\n<p>Los\u00a0<b>chips de Intel son utilizados en las computadoras de Apple y de otros fabricantes<\/b>. Los procesadores de\u00a0ARM Holdings, dijo Intel, tambi\u00e9n se vieron afectados, y se incluyen en dispositivos IOS y tambi\u00e9n en sistemas Android.<\/p>\n<p><i>Con informaci\u00f3n de Bloomberg*<\/i><\/p>\n","protected":false},"excerpt":{"rendered":"<p>Apple comunic\u00f3 que todas sus computadoras Mac y sus dispositivos con iOS, como iPhone y iPad, est\u00e1n en riesgo por la falla en los chips de Intel reportada esta semana. &nbsp; Este jueves, Apple dijo que todas sus computadoras\u00a0Mac y sus dispositivos con iOS, como iPhone y iPad, est\u00e1n en riesgo\u00a0por la falla en los<a class=\"read-more\" href=\"https:\/\/globalnewsmexico.com\/sitio\/this-is-an-example-video-post\/\">Leer m\u00e1s<\/a><\/p>\n","protected":false},"author":1,"featured_media":0,"comment_status":"closed","ping_status":"open","sticky":false,"template":"","format":"standard","meta":{"spay_email":"","footnotes":""},"categories":[37,8,39],"tags":[],"jetpack_featured_media_url":"","jetpack_sharing_enabled":true,"jetpack_shortlink":"https:\/\/wp.me\/p9yqPL-72","jetpack_likes_enabled":true,"_links":{"self":[{"href":"https:\/\/globalnewsmexico.com\/sitio\/wp-json\/wp\/v2\/posts\/436"}],"collection":[{"href":"https:\/\/globalnewsmexico.com\/sitio\/wp-json\/wp\/v2\/posts"}],"about":[{"href":"https:\/\/globalnewsmexico.com\/sitio\/wp-json\/wp\/v2\/types\/post"}],"author":[{"embeddable":true,"href":"https:\/\/globalnewsmexico.com\/sitio\/wp-json\/wp\/v2\/users\/1"}],"replies":[{"embeddable":true,"href":"https:\/\/globalnewsmexico.com\/sitio\/wp-json\/wp\/v2\/comments?post=436"}],"version-history":[{"count":0,"href":"https:\/\/globalnewsmexico.com\/sitio\/wp-json\/wp\/v2\/posts\/436\/revisions"}],"wp:attachment":[{"href":"https:\/\/globalnewsmexico.com\/sitio\/wp-json\/wp\/v2\/media?parent=436"}],"wp:term":[{"taxonomy":"category","embeddable":true,"href":"https:\/\/globalnewsmexico.com\/sitio\/wp-json\/wp\/v2\/categories?post=436"},{"taxonomy":"post_tag","embeddable":true,"href":"https:\/\/globalnewsmexico.com\/sitio\/wp-json\/wp\/v2\/tags?post=436"}],"curies":[{"name":"wp","href":"https:\/\/api.w.org\/{rel}","templated":true}]}}