{"id":43627,"date":"2020-02-12T15:13:46","date_gmt":"2020-02-12T21:13:46","guid":{"rendered":"http:\/\/globalnewsmexico.com\/sitio\/?p=43627"},"modified":"2020-02-12T15:13:46","modified_gmt":"2020-02-12T21:13:46","slug":"papa-francisco-desecha-propuesta-de-sacerdotes-casados","status":"publish","type":"post","link":"https:\/\/globalnewsmexico.com\/sitio\/papa-francisco-desecha-propuesta-de-sacerdotes-casados\/","title":{"rendered":"Papa Francisco desecha propuesta de sacerdotes casados"},"content":{"rendered":"<p>En una de las decisiones m\u00e1s significativas de su gesti\u00f3n, el papa Francisco desech\u00f3 la propuesta para permitir que algunos hombres casados puedan ser ordenados en la regi\u00f3n amaz\u00f3nica, para aliviar la aguda escasez de sacerdotes.<\/p>\n<p>El pont\u00edfice public\u00f3 este mi\u00e9rcoles un texto sobre el Amazonas en el que se omite, por ahora, el tema del sacerdocio de hombres casados en la regi\u00f3n, a pesar del llamado hecho en una reuni\u00f3n de obispos el a\u00f1o pasado.<\/p>\n<p>En el documento, el jerarca de la Iglesia Cat\u00f3lica consider\u00f3 necesario que la eucarist\u00eda llegue a estos lugares, pero se limit\u00f3 a pedir que se rece para que crezcan las vocaciones.<\/p>\n<p>Fuente: Agencias<\/p>\n","protected":false},"excerpt":{"rendered":"<p>En una de las decisiones m\u00e1s significativas de su gesti\u00f3n, el papa Francisco desech\u00f3 la propuesta para permitir que algunos hombres casados puedan ser ordenados en la regi\u00f3n amaz\u00f3nica, para aliviar la aguda escasez de sacerdotes. El pont\u00edfice public\u00f3 este mi\u00e9rcoles un texto sobre el Amazonas en el que se omite, por ahora, el tema<a class=\"read-more\" href=\"https:\/\/globalnewsmexico.com\/sitio\/papa-francisco-desecha-propuesta-de-sacerdotes-casados\/\">Leer m\u00e1s<\/a><\/p>\n","protected":false},"author":5,"featured_media":43628,"comment_status":"closed","ping_status":"open","sticky":false,"template":"","format":"standard","meta":{"spay_email":"","footnotes":""},"categories":[37,8,48,52],"tags":[],"jetpack_featured_media_url":"https:\/\/i1.wp.com\/globalnewsmexico.com\/sitio\/wp-content\/uploads\/2020\/02\/Papa-Francisco-1-610x389.jpg?fit=1040%2C663&ssl=1","jetpack_sharing_enabled":true,"jetpack_shortlink":"https:\/\/wp.me\/p9yqPL-blF","jetpack_likes_enabled":true,"_links":{"self":[{"href":"https:\/\/globalnewsmexico.com\/sitio\/wp-json\/wp\/v2\/posts\/43627"}],"collection":[{"href":"https:\/\/globalnewsmexico.com\/sitio\/wp-json\/wp\/v2\/posts"}],"about":[{"href":"https:\/\/globalnewsmexico.com\/sitio\/wp-json\/wp\/v2\/types\/post"}],"author":[{"embeddable":true,"href":"https:\/\/globalnewsmexico.com\/sitio\/wp-json\/wp\/v2\/users\/5"}],"replies":[{"embeddable":true,"href":"https:\/\/globalnewsmexico.com\/sitio\/wp-json\/wp\/v2\/comments?post=43627"}],"version-history":[{"count":0,"href":"https:\/\/globalnewsmexico.com\/sitio\/wp-json\/wp\/v2\/posts\/43627\/revisions"}],"wp:featuredmedia":[{"embeddable":true,"href":"https:\/\/globalnewsmexico.com\/sitio\/wp-json\/wp\/v2\/media\/43628"}],"wp:attachment":[{"href":"https:\/\/globalnewsmexico.com\/sitio\/wp-json\/wp\/v2\/media?parent=43627"}],"wp:term":[{"taxonomy":"category","embeddable":true,"href":"https:\/\/globalnewsmexico.com\/sitio\/wp-json\/wp\/v2\/categories?post=43627"},{"taxonomy":"post_tag","embeddable":true,"href":"https:\/\/globalnewsmexico.com\/sitio\/wp-json\/wp\/v2\/tags?post=43627"}],"curies":[{"name":"wp","href":"https:\/\/api.w.org\/{rel}","templated":true}]}}