{"id":43668,"date":"2020-02-13T13:37:21","date_gmt":"2020-02-13T19:37:21","guid":{"rendered":"http:\/\/globalnewsmexico.com\/sitio\/?p=43668"},"modified":"2020-02-13T13:37:21","modified_gmt":"2020-02-13T19:37:21","slug":"extradicion-de-lozoya-llevara-un-periodo-largo-embajador-de-espana-en-mexico","status":"publish","type":"post","link":"https:\/\/globalnewsmexico.com\/sitio\/extradicion-de-lozoya-llevara-un-periodo-largo-embajador-de-espana-en-mexico\/","title":{"rendered":"Extradici\u00f3n de Lozoya llevar\u00e1 un periodo largo: Embajador de Espa\u00f1a en M\u00e9xico"},"content":{"rendered":"<p>La extradici\u00f3n a M\u00e9xico de Emilio Lozoya Austin tomar\u00e1 un periodo \u201cm\u00e1s o menos largo\u201d, se\u00f1al\u00f3 el embajador de Espa\u00f1a en este pa\u00eds, Juan L\u00f3pez-D\u00f3riga P\u00e9rez.<\/p>\n<p>En entrevista desde la C\u00e1mara de Diputados, este jueves celebr\u00f3 que la detenci\u00f3n del exdirector de Petr\u00f3leos Mexicanos (Pemex) es muestra de \u201cla estrecha\u201d colaboraci\u00f3n entre ambas naciones en el combate a la corrupci\u00f3n, tanto en el terreno pol\u00edtico como judicial.  <\/p>\n<p>\u201cYo creo que los jueces har\u00e1n su trabajo en el tiempo que vean, y el plazo ser\u00e1 m\u00e1s o menos largo en funci\u00f3n de complejidad del asunto\u201d, dijo el diplom\u00e1tico en una breve entrevista despu\u00e9s de instalar el Grupo de Amistad M\u00e9xico-Espa\u00f1a.<\/p>\n<p>Lozoya Austin fue detenido el pasado mi\u00e9rcoles en M\u00e1laga por presuntos actos de corrupci\u00f3n; la Canciller\u00eda mexicana se\u00f1al\u00f3 que apurar\u00e1n su solicitud de extradici\u00f3n.<\/p>\n<p>Al respecto, el diplom\u00e1tico explic\u00f3 que la solicitud debe ser hecha desde la Embajada de M\u00e9xico en Espa\u00f1a, con un plazo 45 d\u00edas para hacerlo.<\/p>\n<p>\u201cEl asunto en manos de la justicia mexicana y de la justicia espa\u00f1ola, yo lo \u00fanico que tengo que celebrar que colaboren de una manera tan estrecha\u201d, se\u00f1al\u00f3.<\/p>\n<p>Sin dar mayores detalles, como nombres o fechas, revel\u00f3 que el Gobierno mexicano tiene interpuesta otra solicitud m\u00e1s de extradici\u00f3n de Espa\u00f1a a M\u00e9xico.<\/p>\n<p>Fuente: El Heraldo de M\u00e9xico<\/p>\n","protected":false},"excerpt":{"rendered":"<p>La extradici\u00f3n a M\u00e9xico de Emilio Lozoya Austin tomar\u00e1 un periodo \u201cm\u00e1s o menos largo\u201d, se\u00f1al\u00f3 el embajador de Espa\u00f1a en este pa\u00eds, Juan L\u00f3pez-D\u00f3riga P\u00e9rez. En entrevista desde la C\u00e1mara de Diputados, este jueves celebr\u00f3 que la detenci\u00f3n del exdirector de Petr\u00f3leos Mexicanos (Pemex) es muestra de \u201cla estrecha\u201d colaboraci\u00f3n entre ambas naciones en<a class=\"read-more\" href=\"https:\/\/globalnewsmexico.com\/sitio\/extradicion-de-lozoya-llevara-un-periodo-largo-embajador-de-espana-en-mexico\/\">Leer m\u00e1s<\/a><\/p>\n","protected":false},"author":5,"featured_media":43669,"comment_status":"closed","ping_status":"open","sticky":false,"template":"","format":"standard","meta":{"spay_email":"","footnotes":""},"categories":[37,8,39,52],"tags":[],"jetpack_featured_media_url":"https:\/\/i2.wp.com\/globalnewsmexico.com\/sitio\/wp-content\/uploads\/2020\/02\/embajador-mexico-espana-juan-lopez-doriga-extradicion-lozoya-detencion-640x400.jpg?fit=1040%2C650&ssl=1","jetpack_sharing_enabled":true,"jetpack_shortlink":"https:\/\/wp.me\/p9yqPL-bmk","jetpack_likes_enabled":true,"_links":{"self":[{"href":"https:\/\/globalnewsmexico.com\/sitio\/wp-json\/wp\/v2\/posts\/43668"}],"collection":[{"href":"https:\/\/globalnewsmexico.com\/sitio\/wp-json\/wp\/v2\/posts"}],"about":[{"href":"https:\/\/globalnewsmexico.com\/sitio\/wp-json\/wp\/v2\/types\/post"}],"author":[{"embeddable":true,"href":"https:\/\/globalnewsmexico.com\/sitio\/wp-json\/wp\/v2\/users\/5"}],"replies":[{"embeddable":true,"href":"https:\/\/globalnewsmexico.com\/sitio\/wp-json\/wp\/v2\/comments?post=43668"}],"version-history":[{"count":0,"href":"https:\/\/globalnewsmexico.com\/sitio\/wp-json\/wp\/v2\/posts\/43668\/revisions"}],"wp:featuredmedia":[{"embeddable":true,"href":"https:\/\/globalnewsmexico.com\/sitio\/wp-json\/wp\/v2\/media\/43669"}],"wp:attachment":[{"href":"https:\/\/globalnewsmexico.com\/sitio\/wp-json\/wp\/v2\/media?parent=43668"}],"wp:term":[{"taxonomy":"category","embeddable":true,"href":"https:\/\/globalnewsmexico.com\/sitio\/wp-json\/wp\/v2\/categories?post=43668"},{"taxonomy":"post_tag","embeddable":true,"href":"https:\/\/globalnewsmexico.com\/sitio\/wp-json\/wp\/v2\/tags?post=43668"}],"curies":[{"name":"wp","href":"https:\/\/api.w.org\/{rel}","templated":true}]}}