{"id":43754,"date":"2020-02-15T14:03:44","date_gmt":"2020-02-15T20:03:44","guid":{"rendered":"http:\/\/globalnewsmexico.com\/sitio\/?p=43754"},"modified":"2020-02-15T14:03:44","modified_gmt":"2020-02-15T20:03:44","slug":"alistan-homenaje-a-ingrid-escamilla-en-edificio-donde-fue-asesinada","status":"publish","type":"post","link":"https:\/\/globalnewsmexico.com\/sitio\/alistan-homenaje-a-ingrid-escamilla-en-edificio-donde-fue-asesinada\/","title":{"rendered":"Alistan homenaje a Ingrid Escamilla en edificio donde fue asesinada"},"content":{"rendered":"<p>Un colectivo feminista acord\u00f3 salir este s\u00e1bado de la estaci\u00f3n del Metrob\u00fas Gustavo A. Madero con direcci\u00f3n al inmueble donde fue asesinada Ingrid Escamilla, en la Ciudad de M\u00e9xico, para realizarle un homenaje y decir a los vecinos que \u201cla indiferencia tambi\u00e9n mata\u201d, esto tambi\u00e9n como medida de protesta.<\/p>\n<p>El viernes, decenas de mujeres se manifestaron desde temprana hora en Palacio Nacional para exigir al presidente Andr\u00e9s Manuel L\u00f3pez Obrador acciones concretas contra los feminicidios en el pa\u00eds.<\/p>\n<p>Posteriormente realizaron otras manifestaciones en medios de comunicaci\u00f3n, por la publicaci\u00f3n de im\u00e1genes del cuerpo desollado de Escamilla.<\/p>\n<p>Tambi\u00e9n realizaron protestas en el \u00c1ngel de la Independencia.<\/p>\n<p>Para este d\u00eda se prev\u00e9n protestas de colectivos en distintos localidades del pa\u00eds, como Jalisco, Torre\u00f3n, Tijuana y Quer\u00e9taro, entre otras.<\/p>\n<p>Fuente: La Raz\u00f3n<\/p>\n","protected":false},"excerpt":{"rendered":"<p>Un colectivo feminista acord\u00f3 salir este s\u00e1bado de la estaci\u00f3n del Metrob\u00fas Gustavo A. Madero con direcci\u00f3n al inmueble donde fue asesinada Ingrid Escamilla, en la Ciudad de M\u00e9xico, para realizarle un homenaje y decir a los vecinos que \u201cla indiferencia tambi\u00e9n mata\u201d, esto tambi\u00e9n como medida de protesta. El viernes, decenas de mujeres se<a class=\"read-more\" href=\"https:\/\/globalnewsmexico.com\/sitio\/alistan-homenaje-a-ingrid-escamilla-en-edificio-donde-fue-asesinada\/\">Leer m\u00e1s<\/a><\/p>\n","protected":false},"author":5,"featured_media":43755,"comment_status":"closed","ping_status":"open","sticky":false,"template":"","format":"standard","meta":{"spay_email":"","footnotes":""},"categories":[37,8,49,52],"tags":[],"jetpack_featured_media_url":"https:\/\/i2.wp.com\/globalnewsmexico.com\/sitio\/wp-content\/uploads\/2020\/02\/Disen\u0303o-sin-ti\u0301tulo-3-17-696x464.jpg?fit=1040%2C693&ssl=1","jetpack_sharing_enabled":true,"jetpack_shortlink":"https:\/\/wp.me\/p9yqPL-bnI","jetpack_likes_enabled":true,"_links":{"self":[{"href":"https:\/\/globalnewsmexico.com\/sitio\/wp-json\/wp\/v2\/posts\/43754"}],"collection":[{"href":"https:\/\/globalnewsmexico.com\/sitio\/wp-json\/wp\/v2\/posts"}],"about":[{"href":"https:\/\/globalnewsmexico.com\/sitio\/wp-json\/wp\/v2\/types\/post"}],"author":[{"embeddable":true,"href":"https:\/\/globalnewsmexico.com\/sitio\/wp-json\/wp\/v2\/users\/5"}],"replies":[{"embeddable":true,"href":"https:\/\/globalnewsmexico.com\/sitio\/wp-json\/wp\/v2\/comments?post=43754"}],"version-history":[{"count":0,"href":"https:\/\/globalnewsmexico.com\/sitio\/wp-json\/wp\/v2\/posts\/43754\/revisions"}],"wp:featuredmedia":[{"embeddable":true,"href":"https:\/\/globalnewsmexico.com\/sitio\/wp-json\/wp\/v2\/media\/43755"}],"wp:attachment":[{"href":"https:\/\/globalnewsmexico.com\/sitio\/wp-json\/wp\/v2\/media?parent=43754"}],"wp:term":[{"taxonomy":"category","embeddable":true,"href":"https:\/\/globalnewsmexico.com\/sitio\/wp-json\/wp\/v2\/categories?post=43754"},{"taxonomy":"post_tag","embeddable":true,"href":"https:\/\/globalnewsmexico.com\/sitio\/wp-json\/wp\/v2\/tags?post=43754"}],"curies":[{"name":"wp","href":"https:\/\/api.w.org\/{rel}","templated":true}]}}