{"id":43816,"date":"2020-02-17T13:07:17","date_gmt":"2020-02-17T19:07:17","guid":{"rendered":"http:\/\/globalnewsmexico.com\/sitio\/?p=43816"},"modified":"2020-02-17T13:07:17","modified_gmt":"2020-02-17T19:07:17","slug":"aun-hay-siete-mexicanos-en-wuhan-sre","status":"publish","type":"post","link":"https:\/\/globalnewsmexico.com\/sitio\/aun-hay-siete-mexicanos-en-wuhan-sre\/","title":{"rendered":"A\u00fan hay siete mexicanos en Wuhan: SRE"},"content":{"rendered":"<p>Bernardo Aguilar, director general para Europa de la Canciller\u00eda, inform\u00f3 que a\u00fan hay cerca de siete connacionales que permanecen en Wuhan, China, en buenas condiciones de salud; \u201cno tenemos informaci\u00f3n de que tengamos alg\u00fan contagio\u201d, subray\u00f3.<\/p>\n<p>Entrevistado en el Aeropuerto Internacional Benito Ju\u00e1rez, donde recibi\u00f3 a los 10 mexicanos que estuvieron 15 d\u00edas en cuarentena, en Marsella, Francia, se\u00f1al\u00f3 que se buscar\u00e1n los medios en caso de que m\u00e1s connacionales quieran salir de Wuhan.<\/p>\n<p>Empero, pidi\u00f3 no utilizar el t\u00e9rmino evacuaci\u00f3n: \u00abno es una evacuaci\u00f3n, las personas que quieren retirarse de all\u00e1 (Wuhan) lo pueden hacer, hay otras que se quieren quedar, otros que se quieren salir y aquellas personas que quieren salir, buscaremos los medios\u201d.<\/p>\n<p>A pregunta expresa refiri\u00f3 que la instrucci\u00f3n del secretario de Relaciones Exteriores, Marcelo Ebrard Casaub\u00f3n, fue la de recibir adecuadamente a los 10 mexicanos que llegaron este domingo, a fin de otorgarles todas las facilidades.<\/p>\n<p>El grupo de 10 mexicanos que estaban en Marsella, Francia, tras su salida de Wuhan, China, luego de la alerta del Covid-19, regres\u00f3 este domingo al pa\u00eds a bordo del vuelo 498 de Lufthansa.<\/p>\n<p>Fuente: Notimex<\/p>\n","protected":false},"excerpt":{"rendered":"<p>Bernardo Aguilar, director general para Europa de la Canciller\u00eda, inform\u00f3 que a\u00fan hay cerca de siete connacionales que permanecen en Wuhan, China, en buenas condiciones de salud; \u201cno tenemos informaci\u00f3n de que tengamos alg\u00fan contagio\u201d, subray\u00f3. Entrevistado en el Aeropuerto Internacional Benito Ju\u00e1rez, donde recibi\u00f3 a los 10 mexicanos que estuvieron 15 d\u00edas en cuarentena,<a class=\"read-more\" href=\"https:\/\/globalnewsmexico.com\/sitio\/aun-hay-siete-mexicanos-en-wuhan-sre\/\">Leer m\u00e1s<\/a><\/p>\n","protected":false},"author":5,"featured_media":43817,"comment_status":"closed","ping_status":"open","sticky":false,"template":"","format":"standard","meta":{"spay_email":"","footnotes":""},"categories":[37,8,40,52],"tags":[],"jetpack_featured_media_url":"https:\/\/i0.wp.com\/globalnewsmexico.com\/sitio\/wp-content\/uploads\/2020\/02\/2307412.jpg?fit=1040%2C780&ssl=1","jetpack_sharing_enabled":true,"jetpack_shortlink":"https:\/\/wp.me\/p9yqPL-boI","jetpack_likes_enabled":true,"_links":{"self":[{"href":"https:\/\/globalnewsmexico.com\/sitio\/wp-json\/wp\/v2\/posts\/43816"}],"collection":[{"href":"https:\/\/globalnewsmexico.com\/sitio\/wp-json\/wp\/v2\/posts"}],"about":[{"href":"https:\/\/globalnewsmexico.com\/sitio\/wp-json\/wp\/v2\/types\/post"}],"author":[{"embeddable":true,"href":"https:\/\/globalnewsmexico.com\/sitio\/wp-json\/wp\/v2\/users\/5"}],"replies":[{"embeddable":true,"href":"https:\/\/globalnewsmexico.com\/sitio\/wp-json\/wp\/v2\/comments?post=43816"}],"version-history":[{"count":0,"href":"https:\/\/globalnewsmexico.com\/sitio\/wp-json\/wp\/v2\/posts\/43816\/revisions"}],"wp:featuredmedia":[{"embeddable":true,"href":"https:\/\/globalnewsmexico.com\/sitio\/wp-json\/wp\/v2\/media\/43817"}],"wp:attachment":[{"href":"https:\/\/globalnewsmexico.com\/sitio\/wp-json\/wp\/v2\/media?parent=43816"}],"wp:term":[{"taxonomy":"category","embeddable":true,"href":"https:\/\/globalnewsmexico.com\/sitio\/wp-json\/wp\/v2\/categories?post=43816"},{"taxonomy":"post_tag","embeddable":true,"href":"https:\/\/globalnewsmexico.com\/sitio\/wp-json\/wp\/v2\/tags?post=43816"}],"curies":[{"name":"wp","href":"https:\/\/api.w.org\/{rel}","templated":true}]}}