{"id":43866,"date":"2020-02-18T12:11:58","date_gmt":"2020-02-18T18:11:58","guid":{"rendered":"http:\/\/globalnewsmexico.com\/sitio\/?p=43866"},"modified":"2020-02-18T12:11:58","modified_gmt":"2020-02-18T18:11:58","slug":"difunden-retrato-hablado-de-la-mujer-que-se-llevo-a-fatima","status":"publish","type":"post","link":"https:\/\/globalnewsmexico.com\/sitio\/difunden-retrato-hablado-de-la-mujer-que-se-llevo-a-fatima\/","title":{"rendered":"Difunden retrato hablado de la mujer que se llev\u00f3 a F\u00e1tima"},"content":{"rendered":"<p>Autoridades de la Fiscal\u00eda capitalina difundieron el retrato hablado de la mujer que se llev\u00f3 a la peque\u00f1a F\u00e1tima, quien desapareci\u00f3 el 11 de febrero pasado y cuatro d\u00edas despu\u00e9s fue hallada sin vida en un camino de terracer\u00eda en Tl\u00e1huac.<\/p>\n<p>El documento detalla que se trata de una mujer, de 42 a 45 a\u00f1os, de complexi\u00f3n mediana, tez morena clara, cabello largo lacio, cara redodanda, ojos peque\u00f1os nariz recta y ment\u00f3n oval.<\/p>\n<p>De acuerdo con la indagatoria, esa mujer fue identificada por vecinos y madres de familia de la escuela primaria Enrique R\u00e9bsamen \u2014donde F\u00e1tima estudiaba en el turno vespertino\u2014 como \u201cla se\u00f1ora que vend\u00eda papitas\u201d afuera del plantel, explicando incluso que por eso la menor la conoc\u00eda y no opuso resistencia cuando, aparentemente, le dijo que la llevar\u00eda a su casa, pues nadie la recogi\u00f3 una vez que terminaron las clases.<\/p>\n<p>La Fiscal\u00eda General ofrece una recompensa de 2 millones de pesos a quien proporcione informaci\u00f3n que lleve a la captura de la mujer.<\/p>\n<p>De acuerdo con im\u00e1genes obtenidas por la dependencia investigadora, la mujer subi\u00f3 a la menor a un veh\u00edculo blanco.<\/p>\n<p>La Fiscal\u00eda cuenta con im\u00e1genes precisas de la sospechosa, retratos hablados y \u201cdatos adicionales\u201d, as\u00ed como la direcci\u00f3n de dos domicilios que ya fueron cateados por agentes de la Polic\u00eda de Investigaci\u00f3n.<\/p>\n<p>Adicionalmente, la fiscal Ernestina Godoy dio a conocer que de momento hay dos l\u00edneas de investigaci\u00f3n respecto al caso de F\u00e1tima; la primera es por feminicidio y la otra para determinar si hubo omisi\u00f3n o responsabilidad alguna de los funcionarios de la dependencia, que aparentemente no atendieron en tiempo y forma la denuncia de desaparici\u00f3n de la menor.<\/p>\n<p>De ser as\u00ed, asegur\u00f3 la funcionaria capitalina, se castigar\u00e1 con todo el peso de la ley a los funcionarios omisos.<\/p>\n<p>Fuente: El Universal<\/p>\n","protected":false},"excerpt":{"rendered":"<p>Autoridades de la Fiscal\u00eda capitalina difundieron el retrato hablado de la mujer que se llev\u00f3 a la peque\u00f1a F\u00e1tima, quien desapareci\u00f3 el 11 de febrero pasado y cuatro d\u00edas despu\u00e9s fue hallada sin vida en un camino de terracer\u00eda en Tl\u00e1huac. El documento detalla que se trata de una mujer, de 42 a 45 a\u00f1os,<a class=\"read-more\" href=\"https:\/\/globalnewsmexico.com\/sitio\/difunden-retrato-hablado-de-la-mujer-que-se-llevo-a-fatima\/\">Leer m\u00e1s<\/a><\/p>\n","protected":false},"author":5,"featured_media":43867,"comment_status":"closed","ping_status":"open","sticky":false,"template":"","format":"standard","meta":{"spay_email":"","footnotes":""},"categories":[37,8,49,52],"tags":[],"jetpack_featured_media_url":"https:\/\/i2.wp.com\/globalnewsmexico.com\/sitio\/wp-content\/uploads\/2020\/02\/retrato-mujer-fa.jpg?fit=1040%2C773&ssl=1","jetpack_sharing_enabled":true,"jetpack_shortlink":"https:\/\/wp.me\/p9yqPL-bpw","jetpack_likes_enabled":true,"_links":{"self":[{"href":"https:\/\/globalnewsmexico.com\/sitio\/wp-json\/wp\/v2\/posts\/43866"}],"collection":[{"href":"https:\/\/globalnewsmexico.com\/sitio\/wp-json\/wp\/v2\/posts"}],"about":[{"href":"https:\/\/globalnewsmexico.com\/sitio\/wp-json\/wp\/v2\/types\/post"}],"author":[{"embeddable":true,"href":"https:\/\/globalnewsmexico.com\/sitio\/wp-json\/wp\/v2\/users\/5"}],"replies":[{"embeddable":true,"href":"https:\/\/globalnewsmexico.com\/sitio\/wp-json\/wp\/v2\/comments?post=43866"}],"version-history":[{"count":0,"href":"https:\/\/globalnewsmexico.com\/sitio\/wp-json\/wp\/v2\/posts\/43866\/revisions"}],"wp:featuredmedia":[{"embeddable":true,"href":"https:\/\/globalnewsmexico.com\/sitio\/wp-json\/wp\/v2\/media\/43867"}],"wp:attachment":[{"href":"https:\/\/globalnewsmexico.com\/sitio\/wp-json\/wp\/v2\/media?parent=43866"}],"wp:term":[{"taxonomy":"category","embeddable":true,"href":"https:\/\/globalnewsmexico.com\/sitio\/wp-json\/wp\/v2\/categories?post=43866"},{"taxonomy":"post_tag","embeddable":true,"href":"https:\/\/globalnewsmexico.com\/sitio\/wp-json\/wp\/v2\/tags?post=43866"}],"curies":[{"name":"wp","href":"https:\/\/api.w.org\/{rel}","templated":true}]}}