{"id":43890,"date":"2020-02-18T15:23:04","date_gmt":"2020-02-18T21:23:04","guid":{"rendered":"http:\/\/globalnewsmexico.com\/sitio\/?p=43890"},"modified":"2020-02-18T15:23:04","modified_gmt":"2020-02-18T21:23:04","slug":"con-panuelos-morados-y-zapatillas-protestan-diputados-por-feminicidios","status":"publish","type":"post","link":"https:\/\/globalnewsmexico.com\/sitio\/con-panuelos-morados-y-zapatillas-protestan-diputados-por-feminicidios\/","title":{"rendered":"Con pa\u00f1uelos morados y zapatillas protestan diputados por feminicidios"},"content":{"rendered":"<p>Con un minuto de silencio y con consignas como \u00abEstamos encabronadas\u00bb, \u00abNi una m\u00e1s\u00bb y \u00abNos est\u00e1n matando\u00bb, el Pleno de la C\u00e1mara de Diputados repudi\u00f3 el asesinato de F\u00e1tima y todos los feminicidios ocurridos en el pa\u00eds, as\u00ed como cualquier forma de violencia de g\u00e9nero; por ello, legisladores exigieron a las autoridades de los tres \u00f3rganos de Gobierno implementar una pol\u00edtica integral para prevenir y erradicar la violencia contra las mujeres.<\/p>\n<p>Expresaron su rechazo a la violencia de g\u00e9nero al instalar, a pie de tribuna, zapatillas rojas y pa\u00f1uelos color morado.<\/p>\n<p>Por unanimidad de 447 votos, el Pleno aval\u00f3 el acuerdo de la Junta de Coordinaci\u00f3n Pol\u00edtica (Jucopo) con el que rechaz\u00f3 todo tipo de violencia de g\u00e9nero, y exhort\u00f3 a las autoridades a implementar pol\u00edticas para prevenir y erradicar la violencia de g\u00e9nero. <\/p>\n<p>Al fijar el posicionamiento de su fracci\u00f3n, la diputada de Movimiento Ciudadano, Martha Tagle, llam\u00f3 a los legisladores a dejar de \u00abcondenar en\u00e9rgicamente\u00bb los feminicidios en el pa\u00eds y hacer el trabajo que les corresponde, pues record\u00f3 que fue en esta legislatura donde se desapareci\u00f3 la Fiscal\u00eda de Especial para Delitos de Violencia contra Mujeres y Trata de Personas.<\/p>\n<p>Por ello, cuestion\u00f3 la falta de actuaci\u00f3n de las autoridades desde el momento en el que se report\u00f3 la desaparici\u00f3n de la menor y los videos que se filtraron sobre la mujer que se la llev\u00f3, ya que consider\u00f3 que de haberse hecho desde el primer d\u00eda, probablemente seguir\u00eda con vida.<\/p>\n<p>Con un \u00ab\u00a1Ya basta!\u00bb, la diputada del PRI, Laura Barrera, exigi\u00f3 que el Gobierno federal deje de lavarse las manos y echar la culpa a anteriores administraciones, y de \u00abhacer creer\u00bb a los mexicanos que la transformaci\u00f3n de la Rep\u00fablica se dar\u00e1 solo por la buena voluntad.<\/p>\n<p>Vestidos de negro en se\u00f1al de luto, diputadas y diputados del PAN exigieron al Gobierno federal y al de la Ciudad de M\u00e9xico una estrategia clara para atender el problema y no respuestas sin sentido por parte del Gobierno federal.<\/p>\n<p>Algunos de los diputados portaron en su ropa un mo\u00f1o color morado, as\u00ed como un pa\u00f1uelo del mismo color para manifestarse en contra de los feminicidios, entre ellos Porfirio Mu\u00f1oz Ledo.<\/p>\n<p>Fuente: Milenio<\/p>\n","protected":false},"excerpt":{"rendered":"<p>Con un minuto de silencio y con consignas como \u00abEstamos encabronadas\u00bb, \u00abNi una m\u00e1s\u00bb y \u00abNos est\u00e1n matando\u00bb, el Pleno de la C\u00e1mara de Diputados repudi\u00f3 el asesinato de F\u00e1tima y todos los feminicidios ocurridos en el pa\u00eds, as\u00ed como cualquier forma de violencia de g\u00e9nero; por ello, legisladores exigieron a las autoridades de los<a class=\"read-more\" href=\"https:\/\/globalnewsmexico.com\/sitio\/con-panuelos-morados-y-zapatillas-protestan-diputados-por-feminicidios\/\">Leer m\u00e1s<\/a><\/p>\n","protected":false},"author":5,"featured_media":43891,"comment_status":"closed","ping_status":"open","sticky":false,"template":"","format":"standard","meta":{"spay_email":"","footnotes":""},"categories":[37,8,49,52],"tags":[],"jetpack_featured_media_url":"https:\/\/i0.wp.com\/globalnewsmexico.com\/sitio\/wp-content\/uploads\/2020\/02\/legisladores-camara-diputados-protestan-feminicidios_0_21_958_596.jpeg?fit=1040%2C647&ssl=1","jetpack_sharing_enabled":true,"jetpack_shortlink":"https:\/\/wp.me\/p9yqPL-bpU","jetpack_likes_enabled":true,"_links":{"self":[{"href":"https:\/\/globalnewsmexico.com\/sitio\/wp-json\/wp\/v2\/posts\/43890"}],"collection":[{"href":"https:\/\/globalnewsmexico.com\/sitio\/wp-json\/wp\/v2\/posts"}],"about":[{"href":"https:\/\/globalnewsmexico.com\/sitio\/wp-json\/wp\/v2\/types\/post"}],"author":[{"embeddable":true,"href":"https:\/\/globalnewsmexico.com\/sitio\/wp-json\/wp\/v2\/users\/5"}],"replies":[{"embeddable":true,"href":"https:\/\/globalnewsmexico.com\/sitio\/wp-json\/wp\/v2\/comments?post=43890"}],"version-history":[{"count":0,"href":"https:\/\/globalnewsmexico.com\/sitio\/wp-json\/wp\/v2\/posts\/43890\/revisions"}],"wp:featuredmedia":[{"embeddable":true,"href":"https:\/\/globalnewsmexico.com\/sitio\/wp-json\/wp\/v2\/media\/43891"}],"wp:attachment":[{"href":"https:\/\/globalnewsmexico.com\/sitio\/wp-json\/wp\/v2\/media?parent=43890"}],"wp:term":[{"taxonomy":"category","embeddable":true,"href":"https:\/\/globalnewsmexico.com\/sitio\/wp-json\/wp\/v2\/categories?post=43890"},{"taxonomy":"post_tag","embeddable":true,"href":"https:\/\/globalnewsmexico.com\/sitio\/wp-json\/wp\/v2\/tags?post=43890"}],"curies":[{"name":"wp","href":"https:\/\/api.w.org\/{rel}","templated":true}]}}