{"id":43942,"date":"2020-02-19T14:44:13","date_gmt":"2020-02-19T20:44:13","guid":{"rendered":"http:\/\/globalnewsmexico.com\/sitio\/?p=43942"},"modified":"2020-02-19T14:44:13","modified_gmt":"2020-02-19T20:44:13","slug":"feminicidas-de-fatima-estan-casados-y-tienen-hijos","status":"publish","type":"post","link":"https:\/\/globalnewsmexico.com\/sitio\/feminicidas-de-fatima-estan-casados-y-tienen-hijos\/","title":{"rendered":"Feminicidas de F\u00e1tima est\u00e1n casados y tienen hijos"},"content":{"rendered":"<p>Mario Alberto R. y Gladis Giovana C., presuntos secuestradores y asesinos de la ni\u00f1a F\u00e1tima Cecilia, est\u00e1n casados y tienen hijos.<\/p>\n<p>Esto lo asegur\u00f3 el periodista Carlos Jim\u00e9nez, quien detall\u00f3 que el matrimonio tiene adem\u00e1s dos hijos; uno de ellos cuenta con 7 a\u00f1os de edad.<\/p>\n<p>La Fiscal\u00eda General de Justicia de la Ciudad de M\u00e9xico confirm\u00f3 las identidades de las dos personas implicadas en el caso de F\u00e1tima. De acuerdo con los avances en la investigaci\u00f3n, se detall\u00f3 que las dos personas fueron identificadas como Gladis Giovana C. y Mario Alberto R.<\/p>\n<p>F\u00e1tima Cecilia desapareci\u00f3 desde el 11 de febrero afuera de la escuela primaria Enrique R\u00e9bsamen, en Xochimilco, de donde la mujer se la llev\u00f3 de la mano.<\/p>\n<p>Tras la denuncia por desaparici\u00f3n que presentaron los padres de F\u00e1tima, las autoridades localizaron su cuerpo el fin de semana pasado en una bolsa en la alcald\u00eda Tl\u00e1huac.<\/p>\n<p>La identidad de Gladis Giovana C. y Mario Alberto R. fue dada a conocer luego de un cateo realizado anoche en un domicilio ubicado en la calle San Felipe de Jes\u00fas, colonia San Felipe de la alcald\u00eda Xochimilco, donde autoridades capitalinas recabaron indicios como identificaciones, ropa, fotograf\u00edas y otros objetos personales.<\/p>\n<p>Claudia Sheinbaum, jefa de Gobierno de la Ciudad de M\u00e9xico, confirm\u00f3 que la mujer que sustrajo a F\u00e1tima Cecilia s\u00ed era conocida por la familia de la menor.<\/p>\n<p>Fuente: L\u00f3pez-D\u00f3riga digital<\/p>\n","protected":false},"excerpt":{"rendered":"<p>Mario Alberto R. y Gladis Giovana C., presuntos secuestradores y asesinos de la ni\u00f1a F\u00e1tima Cecilia, est\u00e1n casados y tienen hijos. Esto lo asegur\u00f3 el periodista Carlos Jim\u00e9nez, quien detall\u00f3 que el matrimonio tiene adem\u00e1s dos hijos; uno de ellos cuenta con 7 a\u00f1os de edad. La Fiscal\u00eda General de Justicia de la Ciudad de<a class=\"read-more\" href=\"https:\/\/globalnewsmexico.com\/sitio\/feminicidas-de-fatima-estan-casados-y-tienen-hijos\/\">Leer m\u00e1s<\/a><\/p>\n","protected":false},"author":5,"featured_media":43943,"comment_status":"closed","ping_status":"open","sticky":false,"template":"","format":"standard","meta":{"spay_email":"","footnotes":""},"categories":[37,8,49,52],"tags":[],"jetpack_featured_media_url":"https:\/\/i1.wp.com\/globalnewsmexico.com\/sitio\/wp-content\/uploads\/2020\/02\/presuntos_feminicidas.png?fit=1040%2C639&ssl=1","jetpack_sharing_enabled":true,"jetpack_shortlink":"https:\/\/wp.me\/p9yqPL-bqK","jetpack_likes_enabled":true,"_links":{"self":[{"href":"https:\/\/globalnewsmexico.com\/sitio\/wp-json\/wp\/v2\/posts\/43942"}],"collection":[{"href":"https:\/\/globalnewsmexico.com\/sitio\/wp-json\/wp\/v2\/posts"}],"about":[{"href":"https:\/\/globalnewsmexico.com\/sitio\/wp-json\/wp\/v2\/types\/post"}],"author":[{"embeddable":true,"href":"https:\/\/globalnewsmexico.com\/sitio\/wp-json\/wp\/v2\/users\/5"}],"replies":[{"embeddable":true,"href":"https:\/\/globalnewsmexico.com\/sitio\/wp-json\/wp\/v2\/comments?post=43942"}],"version-history":[{"count":0,"href":"https:\/\/globalnewsmexico.com\/sitio\/wp-json\/wp\/v2\/posts\/43942\/revisions"}],"wp:featuredmedia":[{"embeddable":true,"href":"https:\/\/globalnewsmexico.com\/sitio\/wp-json\/wp\/v2\/media\/43943"}],"wp:attachment":[{"href":"https:\/\/globalnewsmexico.com\/sitio\/wp-json\/wp\/v2\/media?parent=43942"}],"wp:term":[{"taxonomy":"category","embeddable":true,"href":"https:\/\/globalnewsmexico.com\/sitio\/wp-json\/wp\/v2\/categories?post=43942"},{"taxonomy":"post_tag","embeddable":true,"href":"https:\/\/globalnewsmexico.com\/sitio\/wp-json\/wp\/v2\/tags?post=43942"}],"curies":[{"name":"wp","href":"https:\/\/api.w.org\/{rel}","templated":true}]}}