{"id":44046,"date":"2020-02-21T14:15:09","date_gmt":"2020-02-21T20:15:09","guid":{"rendered":"http:\/\/globalnewsmexico.com\/sitio\/?p=44046"},"modified":"2020-02-21T14:15:09","modified_gmt":"2020-02-21T20:15:09","slug":"se-enfrentan-policias-y-delincuentes-en-omealca-veracruz","status":"publish","type":"post","link":"https:\/\/globalnewsmexico.com\/sitio\/se-enfrentan-policias-y-delincuentes-en-omealca-veracruz\/","title":{"rendered":"Se enfrentan polic\u00edas y delincuentes en Omealca, Veracruz"},"content":{"rendered":"<p>Como parte de las acciones establecidas en la Coordinaci\u00f3n Interestatal para la Construcci\u00f3n de la Paz y Seguridad Oaxaca-Veracruz, elementos estatales y federales aseguraron dos veh\u00edculos en el tramo carretero Mata Tenatito-Omealca.<\/p>\n<p>Previo a los hechos, un grupo de la Polic\u00eda Estatal y Fuerza Civil de la Secretar\u00eda de Seguridad P\u00fablica (SSP) recorr\u00eda el tramo Paso del Rosario en la carretera Mata Tenatito-Omealca, cuando hombres armados que se transportaban en dos camionetas les dispararon; ante ello, los oficiales repelieron la agresi\u00f3n, orillando a los sujetos a bajarse de sus camionetas y huir hacia los ca\u00f1ales.<\/p>\n<p>Como resultado del operativo, se aseguraron las unidades abandonadas que resultaron con reporte de robo y fueron trasladadas a las autoridades correspondientes. No hubo detenidos ni lesionados con arma de fuego.<\/p>\n<p>Las acciones fueron coordinadas por la Subdirecci\u00f3n Operativa de la zona centro de la SSP, con la participaci\u00f3n de la Guardia Nacional, Secretar\u00eda de Marina Armada de M\u00e9xico (Semar), Fuerza Civil y las delegaciones de la Polic\u00eda Estatal en C\u00f3rdoba y Fort\u00edn, as\u00ed como por polic\u00edas municipales del Estado de Oaxaca.<\/p>\n<p>Se establecieron filtros en El Amate, Mata Tenatito y Laguna Chica, realiz\u00e1ndose recorridos de vigilancia en Cosolapa y Acatl\u00e1n de P\u00e9rez Figueroa, Oaxaca. Adem\u00e1s de contarse con el apoyo a\u00e9reo del helic\u00f3ptero de la SSP.<\/p>\n","protected":false},"excerpt":{"rendered":"<p>Como parte de las acciones establecidas en la Coordinaci\u00f3n Interestatal para la Construcci\u00f3n de la Paz y Seguridad Oaxaca-Veracruz, elementos estatales y federales aseguraron dos veh\u00edculos en el tramo carretero Mata Tenatito-Omealca. Previo a los hechos, un grupo de la Polic\u00eda Estatal y Fuerza Civil de la Secretar\u00eda de Seguridad P\u00fablica (SSP) recorr\u00eda el tramo<a class=\"read-more\" href=\"https:\/\/globalnewsmexico.com\/sitio\/se-enfrentan-policias-y-delincuentes-en-omealca-veracruz\/\">Leer m\u00e1s<\/a><\/p>\n","protected":false},"author":5,"featured_media":44047,"comment_status":"closed","ping_status":"open","sticky":false,"template":"","format":"standard","meta":{"spay_email":"","footnotes":""},"categories":[37,8,50,52],"tags":[],"jetpack_featured_media_url":"https:\/\/i1.wp.com\/globalnewsmexico.com\/sitio\/wp-content\/uploads\/2020\/02\/986b3e6e-7b90-46d0-8bd5-8509bf7a6ee8.jpg?fit=1040%2C520&ssl=1","jetpack_sharing_enabled":true,"jetpack_shortlink":"https:\/\/wp.me\/p9yqPL-bsq","jetpack_likes_enabled":true,"_links":{"self":[{"href":"https:\/\/globalnewsmexico.com\/sitio\/wp-json\/wp\/v2\/posts\/44046"}],"collection":[{"href":"https:\/\/globalnewsmexico.com\/sitio\/wp-json\/wp\/v2\/posts"}],"about":[{"href":"https:\/\/globalnewsmexico.com\/sitio\/wp-json\/wp\/v2\/types\/post"}],"author":[{"embeddable":true,"href":"https:\/\/globalnewsmexico.com\/sitio\/wp-json\/wp\/v2\/users\/5"}],"replies":[{"embeddable":true,"href":"https:\/\/globalnewsmexico.com\/sitio\/wp-json\/wp\/v2\/comments?post=44046"}],"version-history":[{"count":0,"href":"https:\/\/globalnewsmexico.com\/sitio\/wp-json\/wp\/v2\/posts\/44046\/revisions"}],"wp:featuredmedia":[{"embeddable":true,"href":"https:\/\/globalnewsmexico.com\/sitio\/wp-json\/wp\/v2\/media\/44047"}],"wp:attachment":[{"href":"https:\/\/globalnewsmexico.com\/sitio\/wp-json\/wp\/v2\/media?parent=44046"}],"wp:term":[{"taxonomy":"category","embeddable":true,"href":"https:\/\/globalnewsmexico.com\/sitio\/wp-json\/wp\/v2\/categories?post=44046"},{"taxonomy":"post_tag","embeddable":true,"href":"https:\/\/globalnewsmexico.com\/sitio\/wp-json\/wp\/v2\/tags?post=44046"}],"curies":[{"name":"wp","href":"https:\/\/api.w.org\/{rel}","templated":true}]}}