{"id":44064,"date":"2020-02-22T10:57:08","date_gmt":"2020-02-22T16:57:08","guid":{"rendered":"http:\/\/globalnewsmexico.com\/sitio\/?p=44064"},"modified":"2020-02-22T10:57:08","modified_gmt":"2020-02-22T16:57:08","slug":"mas-de-22-millones-de-mujeres-podrian-irse-a-paro-el-9-de-marzo","status":"publish","type":"post","link":"https:\/\/globalnewsmexico.com\/sitio\/mas-de-22-millones-de-mujeres-podrian-irse-a-paro-el-9-de-marzo\/","title":{"rendered":"M\u00e1s de 22 millones de mujeres podr\u00edan irse a paro el 9 de marzo"},"content":{"rendered":"<p>La movilizaci\u00f3n que ha sido convocada por colectivos y grupos de mujeres en redes sociales para el pr\u00f3ximo 9 de marzo, conocida como #UnD\u00edaSinMujeres, podr\u00eda tener una participaci\u00f3n de al menos 22 millones 036 mil mexicanas ocupadas en alguna rama de la econom\u00eda.<\/p>\n<p>Lo anterior, representa el 40 por ciento de la fuerza laboral y que en conjunto, por d\u00eda, aportan 37.7 mil millones de pesos a la riqueza del pa\u00eds.<\/p>\n<p>Seg\u00fan la Encuesta Nacional de la Din\u00e1mica Demogr\u00e1fica (Enadid), en el pa\u00eds habitan casi 125 millones de personas, de las cuales, el 51.8 por ciento se encuentra representado por las mujeres y 48.2 por ciento por los hombres.<\/p>\n<p>Cabe recordar que durante esta semana, los colectivos feministas llamaron a realizar #UnD\u00edaSinMujeres, un movimiento con el que este sector de la poblaci\u00f3n se paralizar\u00e1, es decir, que no saldr\u00e1 a trabajar ni de casa para comprar cosas, asistir a escuelas; y si lo hacen, portar\u00e1n prendas moradas.<\/p>\n<p>Ante el incremento en el caso de feminicidios, lesiones dolosas y agresiones sexuales, entre otros delitos, las mujeres han buscado un mecanismo novedoso para exigir a las autoridades una respuesta al problema.<\/p>\n<p>Una de las frases con las cuales se ha convocado a #UnD\u00edaSinMujeres se\u00f1ala: \u201cCuando las mujeres paramos, se para el mundo\u201d.<\/p>\n<p>Cifras del Instituto Nacional de Estad\u00edstica y Geograf\u00eda (Inegi) indican que, en caso de que se materialice la campa\u00f1a, 40 por ciento de la fuerza laboral se congelar\u00e1, pues la relevancia del sector femenino para la econom\u00eda mexicana no es menor.<\/p>\n<p>Fuente: El Universal<\/p>\n","protected":false},"excerpt":{"rendered":"<p>La movilizaci\u00f3n que ha sido convocada por colectivos y grupos de mujeres en redes sociales para el pr\u00f3ximo 9 de marzo, conocida como #UnD\u00edaSinMujeres, podr\u00eda tener una participaci\u00f3n de al menos 22 millones 036 mil mexicanas ocupadas en alguna rama de la econom\u00eda. Lo anterior, representa el 40 por ciento de la fuerza laboral y<a class=\"read-more\" href=\"https:\/\/globalnewsmexico.com\/sitio\/mas-de-22-millones-de-mujeres-podrian-irse-a-paro-el-9-de-marzo\/\">Leer m\u00e1s<\/a><\/p>\n","protected":false},"author":5,"featured_media":44066,"comment_status":"closed","ping_status":"open","sticky":false,"template":"","format":"standard","meta":{"spay_email":"","footnotes":""},"categories":[37,8,39,52],"tags":[],"jetpack_featured_media_url":"https:\/\/i2.wp.com\/globalnewsmexico.com\/sitio\/wp-content\/uploads\/2020\/02\/1086136.jpg?fit=1024%2C635&ssl=1","jetpack_sharing_enabled":true,"jetpack_shortlink":"https:\/\/wp.me\/p9yqPL-bsI","jetpack_likes_enabled":true,"_links":{"self":[{"href":"https:\/\/globalnewsmexico.com\/sitio\/wp-json\/wp\/v2\/posts\/44064"}],"collection":[{"href":"https:\/\/globalnewsmexico.com\/sitio\/wp-json\/wp\/v2\/posts"}],"about":[{"href":"https:\/\/globalnewsmexico.com\/sitio\/wp-json\/wp\/v2\/types\/post"}],"author":[{"embeddable":true,"href":"https:\/\/globalnewsmexico.com\/sitio\/wp-json\/wp\/v2\/users\/5"}],"replies":[{"embeddable":true,"href":"https:\/\/globalnewsmexico.com\/sitio\/wp-json\/wp\/v2\/comments?post=44064"}],"version-history":[{"count":0,"href":"https:\/\/globalnewsmexico.com\/sitio\/wp-json\/wp\/v2\/posts\/44064\/revisions"}],"wp:featuredmedia":[{"embeddable":true,"href":"https:\/\/globalnewsmexico.com\/sitio\/wp-json\/wp\/v2\/media\/44066"}],"wp:attachment":[{"href":"https:\/\/globalnewsmexico.com\/sitio\/wp-json\/wp\/v2\/media?parent=44064"}],"wp:term":[{"taxonomy":"category","embeddable":true,"href":"https:\/\/globalnewsmexico.com\/sitio\/wp-json\/wp\/v2\/categories?post=44064"},{"taxonomy":"post_tag","embeddable":true,"href":"https:\/\/globalnewsmexico.com\/sitio\/wp-json\/wp\/v2\/tags?post=44064"}],"curies":[{"name":"wp","href":"https:\/\/api.w.org\/{rel}","templated":true}]}}