{"id":44109,"date":"2020-02-24T09:15:09","date_gmt":"2020-02-24T15:15:09","guid":{"rendered":"http:\/\/globalnewsmexico.com\/sitio\/?p=44109"},"modified":"2020-02-24T09:23:34","modified_gmt":"2020-02-24T15:23:34","slug":"inflacion-llega-a-3-52-la-mas-alta-desde-julio-de-2019-inegi","status":"publish","type":"post","link":"https:\/\/globalnewsmexico.com\/sitio\/inflacion-llega-a-3-52-la-mas-alta-desde-julio-de-2019-inegi\/","title":{"rendered":"Inflaci\u00f3n llega a 3.52%, la m\u00e1s alta desde julio de 2019: Inegi"},"content":{"rendered":"<p>En la primera quincena de febrero, el \u00cdndice Nacional de Precios al Consumidor (INPC) registr\u00f3 un alza quincenal de 0.12 por ciento; con ello, la tasa de inflaci\u00f3n anual fue de 3.52 por ciento, la m\u00e1s alta desde la segunda quincena de julio de 2019, de acuerdo con las cifras publicadas por el Instituto Nacional de Estad\u00edstica y Geograf\u00eda (Inegi).<\/p>\n<p>El alza quincenal de los precios se debi\u00f3 a incrementos en las cotizaciones del tomate verde, huevo, vivienda propia; servicios en loncher\u00edas, fondas, torter\u00edas y taquer\u00edas; pl\u00e1tanos y otras frutas, universidad, frijol, restaurantes y similares, as\u00ed como en camisas y playeras para hombre.<\/p>\n<p>No obstante, la inflaci\u00f3n se vio contrarrestada por disminuciones en los precios del jitomate, gasolina Magna, cebolla, gas dom\u00e9stico LP, gasolina Premium, chile poblano, calabacita, computadoras, ejotes y naranja.<\/p>\n<p>Al interior del INPC, el \u00edndice de precios subyacente (que excluye precios de bienes y servicios m\u00e1s vol\u00e1tiles, como agropecuarios y energ\u00e9ticos) present\u00f3 un incremento de 0.22 por ciento quincenal y de 3.69 por ciento anual; por su parte, el \u00edndice de precios no subyacente retrocedi\u00f3 0.16 por ciento quincenal y aument\u00f3 3.03 por ciento anual.<\/p>\n<p>Fuente: Milenio<\/p>\n","protected":false},"excerpt":{"rendered":"<p>En la primera quincena de febrero, el \u00cdndice Nacional de Precios al Consumidor (INPC) registr\u00f3 un alza quincenal de 0.12 por ciento; con ello, la tasa de inflaci\u00f3n anual fue de 3.52 por ciento, la m\u00e1s alta desde la segunda quincena de julio de 2019, de acuerdo con las cifras publicadas por el Instituto Nacional<a class=\"read-more\" href=\"https:\/\/globalnewsmexico.com\/sitio\/inflacion-llega-a-3-52-la-mas-alta-desde-julio-de-2019-inegi\/\">Leer m\u00e1s<\/a><\/p>\n","protected":false},"author":5,"featured_media":44112,"comment_status":"closed","ping_status":"open","sticky":false,"template":"","format":"standard","meta":{"spay_email":"","footnotes":""},"categories":[37,8,39,52],"tags":[],"jetpack_featured_media_url":"https:\/\/i0.wp.com\/globalnewsmexico.com\/sitio\/wp-content\/uploads\/2020\/02\/especias-perejil-durazno-pinon-cebolla_0_54_600_373-1.jpg?fit=1040%2C647&ssl=1","jetpack_sharing_enabled":true,"jetpack_shortlink":"https:\/\/wp.me\/p9yqPL-btr","jetpack_likes_enabled":true,"_links":{"self":[{"href":"https:\/\/globalnewsmexico.com\/sitio\/wp-json\/wp\/v2\/posts\/44109"}],"collection":[{"href":"https:\/\/globalnewsmexico.com\/sitio\/wp-json\/wp\/v2\/posts"}],"about":[{"href":"https:\/\/globalnewsmexico.com\/sitio\/wp-json\/wp\/v2\/types\/post"}],"author":[{"embeddable":true,"href":"https:\/\/globalnewsmexico.com\/sitio\/wp-json\/wp\/v2\/users\/5"}],"replies":[{"embeddable":true,"href":"https:\/\/globalnewsmexico.com\/sitio\/wp-json\/wp\/v2\/comments?post=44109"}],"version-history":[{"count":0,"href":"https:\/\/globalnewsmexico.com\/sitio\/wp-json\/wp\/v2\/posts\/44109\/revisions"}],"wp:featuredmedia":[{"embeddable":true,"href":"https:\/\/globalnewsmexico.com\/sitio\/wp-json\/wp\/v2\/media\/44112"}],"wp:attachment":[{"href":"https:\/\/globalnewsmexico.com\/sitio\/wp-json\/wp\/v2\/media?parent=44109"}],"wp:term":[{"taxonomy":"category","embeddable":true,"href":"https:\/\/globalnewsmexico.com\/sitio\/wp-json\/wp\/v2\/categories?post=44109"},{"taxonomy":"post_tag","embeddable":true,"href":"https:\/\/globalnewsmexico.com\/sitio\/wp-json\/wp\/v2\/tags?post=44109"}],"curies":[{"name":"wp","href":"https:\/\/api.w.org\/{rel}","templated":true}]}}