{"id":44191,"date":"2020-02-25T11:39:08","date_gmt":"2020-02-25T17:39:08","guid":{"rendered":"http:\/\/globalnewsmexico.com\/sitio\/?p=44191"},"modified":"2020-02-25T11:39:08","modified_gmt":"2020-02-25T17:39:08","slug":"detienen-a-probable-secuestrador-en-perote-veracruz","status":"publish","type":"post","link":"https:\/\/globalnewsmexico.com\/sitio\/detienen-a-probable-secuestrador-en-perote-veracruz\/","title":{"rendered":"Detienen a probable secuestrador en Perote, Veracruz"},"content":{"rendered":"<p>La Unidad Especializada en Combate al Secuestros (UECS) con sede en la zona centro de Veracruz, implement\u00f3 un operativo de seguridad y logr\u00f3 la captura de una persona de sexo masculino por su probable responsabilidad en el delito de secuestro agravado, en el municipio de Perote.<\/p>\n<p>En estas acciones se destac\u00f3 la colaboraci\u00f3n permanente de la Coordinaci\u00f3n Nacional Antisecuestro con la UECS Veracruz.<\/p>\n<p>En cumplimiento a una orden de aprehensi\u00f3n emitida por el juez, fue intervenido Jos\u00e9 Ambrosio &#8216;N&#8217; por autoridades ministeriales, por su presunta responsabilidad en la  privaci\u00f3n de la libertad de una v\u00edctima de identidad reservada; hechos ocurridos en mayo de 2019 en dicha ciudad.<\/p>\n<p>Por tal motivo, al hoy investigado le fue impuesta como medida cautelar prisi\u00f3n preventiva oficiosa y su situaci\u00f3n jur\u00eddica ser\u00e1 definida en pr\u00f3xima fecha.<\/p>\n","protected":false},"excerpt":{"rendered":"<p>La Unidad Especializada en Combate al Secuestros (UECS) con sede en la zona centro de Veracruz, implement\u00f3 un operativo de seguridad y logr\u00f3 la captura de una persona de sexo masculino por su probable responsabilidad en el delito de secuestro agravado, en el municipio de Perote. En estas acciones se destac\u00f3 la colaboraci\u00f3n permanente de<a class=\"read-more\" href=\"https:\/\/globalnewsmexico.com\/sitio\/detienen-a-probable-secuestrador-en-perote-veracruz\/\">Leer m\u00e1s<\/a><\/p>\n","protected":false},"author":5,"featured_media":44192,"comment_status":"closed","ping_status":"open","sticky":false,"template":"","format":"standard","meta":{"spay_email":"","footnotes":""},"categories":[37,8,50,52],"tags":[],"jetpack_featured_media_url":"https:\/\/i2.wp.com\/globalnewsmexico.com\/sitio\/wp-content\/uploads\/2020\/02\/8994b6a7-e9ee-4722-8663-676c7e4924b0.jpg?fit=1040%2C1040&ssl=1","jetpack_sharing_enabled":true,"jetpack_shortlink":"https:\/\/wp.me\/p9yqPL-buL","jetpack_likes_enabled":true,"_links":{"self":[{"href":"https:\/\/globalnewsmexico.com\/sitio\/wp-json\/wp\/v2\/posts\/44191"}],"collection":[{"href":"https:\/\/globalnewsmexico.com\/sitio\/wp-json\/wp\/v2\/posts"}],"about":[{"href":"https:\/\/globalnewsmexico.com\/sitio\/wp-json\/wp\/v2\/types\/post"}],"author":[{"embeddable":true,"href":"https:\/\/globalnewsmexico.com\/sitio\/wp-json\/wp\/v2\/users\/5"}],"replies":[{"embeddable":true,"href":"https:\/\/globalnewsmexico.com\/sitio\/wp-json\/wp\/v2\/comments?post=44191"}],"version-history":[{"count":0,"href":"https:\/\/globalnewsmexico.com\/sitio\/wp-json\/wp\/v2\/posts\/44191\/revisions"}],"wp:featuredmedia":[{"embeddable":true,"href":"https:\/\/globalnewsmexico.com\/sitio\/wp-json\/wp\/v2\/media\/44192"}],"wp:attachment":[{"href":"https:\/\/globalnewsmexico.com\/sitio\/wp-json\/wp\/v2\/media?parent=44191"}],"wp:term":[{"taxonomy":"category","embeddable":true,"href":"https:\/\/globalnewsmexico.com\/sitio\/wp-json\/wp\/v2\/categories?post=44191"},{"taxonomy":"post_tag","embeddable":true,"href":"https:\/\/globalnewsmexico.com\/sitio\/wp-json\/wp\/v2\/tags?post=44191"}],"curies":[{"name":"wp","href":"https:\/\/api.w.org\/{rel}","templated":true}]}}