{"id":44204,"date":"2020-02-25T13:09:50","date_gmt":"2020-02-25T19:09:50","guid":{"rendered":"http:\/\/globalnewsmexico.com\/sitio\/?p=44204"},"modified":"2020-02-25T13:09:50","modified_gmt":"2020-02-25T19:09:50","slug":"cataluna-reporta-primer-caso-de-coronavirus-van-cuatro-en-espana","status":"publish","type":"post","link":"https:\/\/globalnewsmexico.com\/sitio\/cataluna-reporta-primer-caso-de-coronavirus-van-cuatro-en-espana\/","title":{"rendered":"Catalu\u00f1a reporta primer caso de coronavirus; van cuatro en Espa\u00f1a"},"content":{"rendered":"<p>El Departamento de Salud de Calatu\u00f1a report\u00f3 el primer caso de contagio de coronavirus; se trata del cuarto en Espa\u00f1a y el primero en la regi\u00f3n de la pen\u00ednsula catalana.<\/p>\n<p>De acuerdo con autoridades sanitarias, el primer caso de coronavirus en Catalu\u00f1a es una mujer que vive en Barcelona que viaj\u00f3 en d\u00edas recientes al norte de Italia.<\/p>\n<p>El Gobierno de Espa\u00f1a, que celebr\u00f3 hoy su reuni\u00f3n semanal, hizo un llamamiento a la tranquilidad y asegur\u00f3 que actuar\u00e1 con \u00abmesura, proporcionalidad y transparencia\u00bb.<\/p>\n<p>Fuente: Agencias<\/p>\n","protected":false},"excerpt":{"rendered":"<p>El Departamento de Salud de Calatu\u00f1a report\u00f3 el primer caso de contagio de coronavirus; se trata del cuarto en Espa\u00f1a y el primero en la regi\u00f3n de la pen\u00ednsula catalana. De acuerdo con autoridades sanitarias, el primer caso de coronavirus en Catalu\u00f1a es una mujer que vive en Barcelona que viaj\u00f3 en d\u00edas recientes al<a class=\"read-more\" href=\"https:\/\/globalnewsmexico.com\/sitio\/cataluna-reporta-primer-caso-de-coronavirus-van-cuatro-en-espana\/\">Leer m\u00e1s<\/a><\/p>\n","protected":false},"author":5,"featured_media":44205,"comment_status":"closed","ping_status":"open","sticky":false,"template":"","format":"standard","meta":{"spay_email":"","footnotes":""},"categories":[37,8,48,52],"tags":[],"jetpack_featured_media_url":"https:\/\/i0.wp.com\/globalnewsmexico.com\/sitio\/wp-content\/uploads\/2020\/02\/1998062.jpg?fit=1040%2C585&ssl=1","jetpack_sharing_enabled":true,"jetpack_shortlink":"https:\/\/wp.me\/p9yqPL-buY","jetpack_likes_enabled":true,"_links":{"self":[{"href":"https:\/\/globalnewsmexico.com\/sitio\/wp-json\/wp\/v2\/posts\/44204"}],"collection":[{"href":"https:\/\/globalnewsmexico.com\/sitio\/wp-json\/wp\/v2\/posts"}],"about":[{"href":"https:\/\/globalnewsmexico.com\/sitio\/wp-json\/wp\/v2\/types\/post"}],"author":[{"embeddable":true,"href":"https:\/\/globalnewsmexico.com\/sitio\/wp-json\/wp\/v2\/users\/5"}],"replies":[{"embeddable":true,"href":"https:\/\/globalnewsmexico.com\/sitio\/wp-json\/wp\/v2\/comments?post=44204"}],"version-history":[{"count":0,"href":"https:\/\/globalnewsmexico.com\/sitio\/wp-json\/wp\/v2\/posts\/44204\/revisions"}],"wp:featuredmedia":[{"embeddable":true,"href":"https:\/\/globalnewsmexico.com\/sitio\/wp-json\/wp\/v2\/media\/44205"}],"wp:attachment":[{"href":"https:\/\/globalnewsmexico.com\/sitio\/wp-json\/wp\/v2\/media?parent=44204"}],"wp:term":[{"taxonomy":"category","embeddable":true,"href":"https:\/\/globalnewsmexico.com\/sitio\/wp-json\/wp\/v2\/categories?post=44204"},{"taxonomy":"post_tag","embeddable":true,"href":"https:\/\/globalnewsmexico.com\/sitio\/wp-json\/wp\/v2\/tags?post=44204"}],"curies":[{"name":"wp","href":"https:\/\/api.w.org\/{rel}","templated":true}]}}