{"id":44266,"date":"2020-02-26T14:26:46","date_gmt":"2020-02-26T20:26:46","guid":{"rendered":"http:\/\/globalnewsmexico.com\/sitio\/?p=44266"},"modified":"2020-02-26T14:26:46","modified_gmt":"2020-02-26T20:26:46","slug":"en-enero-feminicidios-en-veracruz-disminuyeron-70-gobernador","status":"publish","type":"post","link":"https:\/\/globalnewsmexico.com\/sitio\/en-enero-feminicidios-en-veracruz-disminuyeron-70-gobernador\/","title":{"rendered":"En enero, feminicidios en Veracruz disminuyeron 70%: gobernador"},"content":{"rendered":"<p>El gobernador de Veracruz, Cuitl\u00e1huac Garc\u00eda Jim\u00e9nez, inform\u00f3 que en enero de este a\u00f1o el delito de feminicidio se redujo en un 70 por ciento en la entidad.<\/p>\n<p>Luego de encabezar la Mesa para la Construcci\u00f3n de la Paz, el mandatario estatal escribi\u00f3 en su cuenta e Twitter:<\/p>\n<p>\u00abEn la Mesa para la Construcci\u00f3n de la Paz evaluaremos continuamente los resultados de nuestras acciones. Nos alienta, por ejemplo, que en enero se disminuy\u00f3 70% el feminicidio\u00bb.<\/p>\n<p>Asegur\u00f3 que no habr\u00e1 impunidad y que las investigaciones de la Fiscal\u00eda est\u00e1n dando resultados.<\/p>\n<p>\u00abAhora no hay impunidad y las investigaciones de la Fiscal\u00eda General de Veracruz, dan resultados: 38 detenidos durante febrero por agresiones a mujeres y feminicidio, y 12 por secuestro. Fueron delitos cometidos en ocasiones anteriores y de este mes. #SeAcab\u00f3LaImpunidad\u00bb, escribi\u00f3.<\/p>\n<p>Fuente: Xeu Noticias<\/p>\n","protected":false},"excerpt":{"rendered":"<p>El gobernador de Veracruz, Cuitl\u00e1huac Garc\u00eda Jim\u00e9nez, inform\u00f3 que en enero de este a\u00f1o el delito de feminicidio se redujo en un 70 por ciento en la entidad. Luego de encabezar la Mesa para la Construcci\u00f3n de la Paz, el mandatario estatal escribi\u00f3 en su cuenta e Twitter: \u00abEn la Mesa para la Construcci\u00f3n de<a class=\"read-more\" href=\"https:\/\/globalnewsmexico.com\/sitio\/en-enero-feminicidios-en-veracruz-disminuyeron-70-gobernador\/\">Leer m\u00e1s<\/a><\/p>\n","protected":false},"author":5,"featured_media":44264,"comment_status":"closed","ping_status":"open","sticky":false,"template":"","format":"standard","meta":{"spay_email":"","footnotes":""},"categories":[37,8,50,52],"tags":[],"jetpack_featured_media_url":"https:\/\/i2.wp.com\/globalnewsmexico.com\/sitio\/wp-content\/uploads\/2020\/02\/1100QecA0PBIFd.jpg?fit=1040%2C638&ssl=1","jetpack_sharing_enabled":true,"jetpack_shortlink":"https:\/\/wp.me\/p9yqPL-bvY","jetpack_likes_enabled":true,"_links":{"self":[{"href":"https:\/\/globalnewsmexico.com\/sitio\/wp-json\/wp\/v2\/posts\/44266"}],"collection":[{"href":"https:\/\/globalnewsmexico.com\/sitio\/wp-json\/wp\/v2\/posts"}],"about":[{"href":"https:\/\/globalnewsmexico.com\/sitio\/wp-json\/wp\/v2\/types\/post"}],"author":[{"embeddable":true,"href":"https:\/\/globalnewsmexico.com\/sitio\/wp-json\/wp\/v2\/users\/5"}],"replies":[{"embeddable":true,"href":"https:\/\/globalnewsmexico.com\/sitio\/wp-json\/wp\/v2\/comments?post=44266"}],"version-history":[{"count":0,"href":"https:\/\/globalnewsmexico.com\/sitio\/wp-json\/wp\/v2\/posts\/44266\/revisions"}],"wp:featuredmedia":[{"embeddable":true,"href":"https:\/\/globalnewsmexico.com\/sitio\/wp-json\/wp\/v2\/media\/44264"}],"wp:attachment":[{"href":"https:\/\/globalnewsmexico.com\/sitio\/wp-json\/wp\/v2\/media?parent=44266"}],"wp:term":[{"taxonomy":"category","embeddable":true,"href":"https:\/\/globalnewsmexico.com\/sitio\/wp-json\/wp\/v2\/categories?post=44266"},{"taxonomy":"post_tag","embeddable":true,"href":"https:\/\/globalnewsmexico.com\/sitio\/wp-json\/wp\/v2\/tags?post=44266"}],"curies":[{"name":"wp","href":"https:\/\/api.w.org\/{rel}","templated":true}]}}