{"id":44280,"date":"2020-02-26T15:39:15","date_gmt":"2020-02-26T21:39:15","guid":{"rendered":"http:\/\/globalnewsmexico.com\/sitio\/?p=44280"},"modified":"2020-02-26T15:39:15","modified_gmt":"2020-02-26T21:39:15","slug":"tepjf-ratifica-a-alfonso-ramirez-como-presidente-de-morena","status":"publish","type":"post","link":"https:\/\/globalnewsmexico.com\/sitio\/tepjf-ratifica-a-alfonso-ramirez-como-presidente-de-morena\/","title":{"rendered":"TEPJF ratifica a Alfonso Ram\u00edrez como presidente de Morena"},"content":{"rendered":"<p>La Sala Superior del Tribunal Electoral del Poder Judicial de la Federaci\u00f3n (TEPJF), valid\u00f3 el Congreso Nacional Extraordinario de Morena, celebrado el pasado 26 de enero, donde se eligi\u00f3 a Alfonso Ram\u00edrez Cu\u00e9llar como presidente interino de dicho partido pol\u00edtico.<\/p>\n<p>Con seis votos a favor, los magistrados consideraron que hay elementos para validar el Sexto Congreso, as\u00ed como los nombramientos que hizo Ram\u00edrez Cu\u00e9llar, el 26 de enero.<\/p>\n<p>De acuerdo con el magistrado Jos\u00e9 Luis Vargas Vald\u00e9s, el hecho de que Morena concentre cerca de 70 por ciento del poder pol\u00edtico nacional y local, obliga a los magistrados a atender jur\u00eddicamente el conflicto que enfrenta el partido, pues de lo contrario se estar\u00eda \u00abfomentando y generando una crisis al sistema democr\u00e1tico del pa\u00eds\u00bb.<\/p>\n<p>Fuente: Milenio<\/p>\n","protected":false},"excerpt":{"rendered":"<p>La Sala Superior del Tribunal Electoral del Poder Judicial de la Federaci\u00f3n (TEPJF), valid\u00f3 el Congreso Nacional Extraordinario de Morena, celebrado el pasado 26 de enero, donde se eligi\u00f3 a Alfonso Ram\u00edrez Cu\u00e9llar como presidente interino de dicho partido pol\u00edtico. Con seis votos a favor, los magistrados consideraron que hay elementos para validar el Sexto<a class=\"read-more\" href=\"https:\/\/globalnewsmexico.com\/sitio\/tepjf-ratifica-a-alfonso-ramirez-como-presidente-de-morena\/\">Leer m\u00e1s<\/a><\/p>\n","protected":false},"author":5,"featured_media":44281,"comment_status":"closed","ping_status":"open","sticky":false,"template":"","format":"standard","meta":{"spay_email":"","footnotes":""},"categories":[37,8,40,52],"tags":[],"jetpack_featured_media_url":"https:\/\/i2.wp.com\/globalnewsmexico.com\/sitio\/wp-content\/uploads\/2020\/02\/1086925.jpg?fit=1024%2C683&ssl=1","jetpack_sharing_enabled":true,"jetpack_shortlink":"https:\/\/wp.me\/p9yqPL-bwc","jetpack_likes_enabled":true,"_links":{"self":[{"href":"https:\/\/globalnewsmexico.com\/sitio\/wp-json\/wp\/v2\/posts\/44280"}],"collection":[{"href":"https:\/\/globalnewsmexico.com\/sitio\/wp-json\/wp\/v2\/posts"}],"about":[{"href":"https:\/\/globalnewsmexico.com\/sitio\/wp-json\/wp\/v2\/types\/post"}],"author":[{"embeddable":true,"href":"https:\/\/globalnewsmexico.com\/sitio\/wp-json\/wp\/v2\/users\/5"}],"replies":[{"embeddable":true,"href":"https:\/\/globalnewsmexico.com\/sitio\/wp-json\/wp\/v2\/comments?post=44280"}],"version-history":[{"count":0,"href":"https:\/\/globalnewsmexico.com\/sitio\/wp-json\/wp\/v2\/posts\/44280\/revisions"}],"wp:featuredmedia":[{"embeddable":true,"href":"https:\/\/globalnewsmexico.com\/sitio\/wp-json\/wp\/v2\/media\/44281"}],"wp:attachment":[{"href":"https:\/\/globalnewsmexico.com\/sitio\/wp-json\/wp\/v2\/media?parent=44280"}],"wp:term":[{"taxonomy":"category","embeddable":true,"href":"https:\/\/globalnewsmexico.com\/sitio\/wp-json\/wp\/v2\/categories?post=44280"},{"taxonomy":"post_tag","embeddable":true,"href":"https:\/\/globalnewsmexico.com\/sitio\/wp-json\/wp\/v2\/tags?post=44280"}],"curies":[{"name":"wp","href":"https:\/\/api.w.org\/{rel}","templated":true}]}}