{"id":44360,"date":"2020-02-28T11:29:21","date_gmt":"2020-02-28T17:29:21","guid":{"rendered":"http:\/\/globalnewsmexico.com\/sitio\/?p=44360"},"modified":"2020-02-28T11:29:21","modified_gmt":"2020-02-28T17:29:21","slug":"en-veracruz-profesores-acosan-a-alumnas-via-whatsapp","status":"publish","type":"post","link":"https:\/\/globalnewsmexico.com\/sitio\/en-veracruz-profesores-acosan-a-alumnas-via-whatsapp\/","title":{"rendered":"En Veracruz, profesores acosan a alumnas v\u00eda WhatsApp"},"content":{"rendered":"<p>Alumnas del Colegio de Estudios Cient\u00edficos y Tecnol\u00f3gicos del Estado de Veracruz (Cecytev), plantel Medell\u00edn de Bravo, se manifestaron ayer para denunciar el acoso del que son v\u00edctimas por parte de profesores y personal administrativo.<\/p>\n<p>La protesta tuvo lugar en las puertas del colegio, donde las adolescentes exhibieron capturas de pantalla que evidencian c\u00f3mo profesores env\u00edan insistentemente mensajes de texto a sus estudiantes, a las que llaman \u201cnena\u201d o \u201cmu\u00f1equita\u201d.<\/p>\n<p>Una joven mostr\u00f3 una foto que recibi\u00f3 de Ricardo Salinas, quien trabaja en el \u00e1rea administrativa del Cecytev. En la imagen, el \u201cmaestro Ricardo, como es conocido, est\u00e1 semidesnudo y recostado en una cama con el mensaje: \u201cOk, disculpa espero que no te moleste\u201d.<\/p>\n<p>Otras estudiantes mostraron mensajes de texto que les mand\u00f3 el mismo hombre, en los que las invita a cenar o a que vayan a su casa.<\/p>\n<p>Una de las alumnas, quien pidi\u00f3 el anonimato, relat\u00f3 que el director del colegio envi\u00f3 a Ricardo a pedir los n\u00fameros telef\u00f3nicos de todos los alumnos, y un d\u00eda despu\u00e9s empez\u00f3 a recibir mensajes en los que le preguntaba si ten\u00eda novio o si quer\u00eda salir con \u00e9l.<\/p>\n<p>\u201cLe dije que me dejara de molestar y lo bloque\u00e9. D\u00edas despu\u00e9s me busc\u00f3 en Facebook y tambi\u00e9n me mand\u00f3 mensajes: que estaba muy bonita, que le gustaban mis piernas y quer\u00eda tocarlas. Entonces yo le ense\u00f1\u00e9 los mensajes a mis pap\u00e1s, ellos le comentaron al director y este solo lo llam\u00f3, le hizo pedir una disculpa y no pas\u00f3 de eso\u201d, cont\u00f3 la alumna.<\/p>\n<p>\u201cDespu\u00e9s, yo ven\u00eda a la escuela y \u00e9l se me quedaba viendo. Me preguntaba por qu\u00e9 lo evitaba y yo le dije que me dejara de molestar porque les iba a volver a decir a mis pap\u00e1s, \u00e9l se re\u00eda y me dec\u00eda que no estaba haciendo nada malo\u201d.<\/p>\n<p>Otra joven mostr\u00f3 una serie de mensajes que recibi\u00f3 del \u201cprofesor Antonio\u201d, en los que le escribe: \u201cTe gusta que piense en ti\u201d.<\/p>\n<p>\u2014\u201cPues no lo s\u00e9, me siento rara\u201d, responde la alumna.<\/p>\n<p>Y el hombre insiste: \u201cPor qu\u00e9?, por ser tu profe? No te sientas presionada, bonita\u201d.<\/p>\n<p>En otro caso, una adolescente recibi\u00f3 una oferta para posar en ropa interior por 13 mil pesos.<\/p>\n<p>\u201cEl acoso es a trav\u00e9s de correos electr\u00f3nicos, WhatsApp, y ni\u00f1as que han sido tocadas en su intimidad dentro de esta escuela. Esto ya era del conocimiento del director desde hace m\u00e1s de un a\u00f1o, pero la historia del acoso sexual en esta escuela lleva m\u00e1s de dos a\u00f1os y medio\u201d, denunci\u00f3 Daniel Valero, padre de una de las menores.<\/p>\n<p>Dijo que al menos 25 ni\u00f1as han sido v\u00edctimas de esta situaci\u00f3n y que en el caso de su hija, \u00e9l enfrent\u00f3 al director y el profesor fue separado de su cargo; sin embargo, tienen ubicados a tres profesores y un administrativo que acosan a las alumnas.<\/p>\n<p>Ante las evidencias de las j\u00f3venes, el \u201cmaestro Ricardo\u201d y otros docentes hab\u00edan dejado de ir a la escuela en los \u00faltimos d\u00edas, seg\u00fan padres de familia, quienes dijeron que se interpondr\u00e1 una denuncia formal porque se trata de acoso sexual contra menores. Hasta ayer, las autoridades del Cecytev no se hab\u00edan pronunciado sobre el tema.<\/p>\n<p>Fuente: El Universal<\/p>\n","protected":false},"excerpt":{"rendered":"<p>Alumnas del Colegio de Estudios Cient\u00edficos y Tecnol\u00f3gicos del Estado de Veracruz (Cecytev), plantel Medell\u00edn de Bravo, se manifestaron ayer para denunciar el acoso del que son v\u00edctimas por parte de profesores y personal administrativo. La protesta tuvo lugar en las puertas del colegio, donde las adolescentes exhibieron capturas de pantalla que evidencian c\u00f3mo profesores<a class=\"read-more\" href=\"https:\/\/globalnewsmexico.com\/sitio\/en-veracruz-profesores-acosan-a-alumnas-via-whatsapp\/\">Leer m\u00e1s<\/a><\/p>\n","protected":false},"author":5,"featured_media":44361,"comment_status":"closed","ping_status":"open","sticky":false,"template":"","format":"standard","meta":{"spay_email":"","footnotes":""},"categories":[37,8,50,52],"tags":[],"jetpack_featured_media_url":"https:\/\/i1.wp.com\/globalnewsmexico.com\/sitio\/wp-content\/uploads\/2020\/02\/Captura2-3.jpg?fit=1040%2C638&ssl=1","jetpack_sharing_enabled":true,"jetpack_shortlink":"https:\/\/wp.me\/p9yqPL-bxu","jetpack_likes_enabled":true,"_links":{"self":[{"href":"https:\/\/globalnewsmexico.com\/sitio\/wp-json\/wp\/v2\/posts\/44360"}],"collection":[{"href":"https:\/\/globalnewsmexico.com\/sitio\/wp-json\/wp\/v2\/posts"}],"about":[{"href":"https:\/\/globalnewsmexico.com\/sitio\/wp-json\/wp\/v2\/types\/post"}],"author":[{"embeddable":true,"href":"https:\/\/globalnewsmexico.com\/sitio\/wp-json\/wp\/v2\/users\/5"}],"replies":[{"embeddable":true,"href":"https:\/\/globalnewsmexico.com\/sitio\/wp-json\/wp\/v2\/comments?post=44360"}],"version-history":[{"count":0,"href":"https:\/\/globalnewsmexico.com\/sitio\/wp-json\/wp\/v2\/posts\/44360\/revisions"}],"wp:featuredmedia":[{"embeddable":true,"href":"https:\/\/globalnewsmexico.com\/sitio\/wp-json\/wp\/v2\/media\/44361"}],"wp:attachment":[{"href":"https:\/\/globalnewsmexico.com\/sitio\/wp-json\/wp\/v2\/media?parent=44360"}],"wp:term":[{"taxonomy":"category","embeddable":true,"href":"https:\/\/globalnewsmexico.com\/sitio\/wp-json\/wp\/v2\/categories?post=44360"},{"taxonomy":"post_tag","embeddable":true,"href":"https:\/\/globalnewsmexico.com\/sitio\/wp-json\/wp\/v2\/tags?post=44360"}],"curies":[{"name":"wp","href":"https:\/\/api.w.org\/{rel}","templated":true}]}}