{"id":44386,"date":"2020-02-28T14:13:17","date_gmt":"2020-02-28T20:13:17","guid":{"rendered":"http:\/\/globalnewsmexico.com\/sitio\/?p=44386"},"modified":"2020-02-28T14:13:17","modified_gmt":"2020-02-28T20:13:17","slug":"careo-de-diego-santoy-y-erika-pena-seria-virtual","status":"publish","type":"post","link":"https:\/\/globalnewsmexico.com\/sitio\/careo-de-diego-santoy-y-erika-pena-seria-virtual\/","title":{"rendered":"Careo de Diego Santoy y Erika Pe\u00f1a ser\u00eda virtual"},"content":{"rendered":"<p>Este viernes se programaron audiencias de careo de Diego Santoy con su exnovia Erika Pe\u00f1a Coss, Tere Coss y otros testigos relacionados con el doble infanticidio de los hermanitos Pe\u00f1a Coss; sin embargo, los testigos no acudieron a las diligencias solicitadas por el llamado asesino de Cumbres.<\/p>\n<p>Santoy pretende una reducci\u00f3n en la sentencia por el doble crimen que, tras ser fijada en 138 a\u00f1os, logr\u00f3 que se disminuyera a 71 a\u00f1os.<\/p>\n<p>Abogados de Santoy se\u00f1alaron que el juez primero penal del sistema tradicional, que lleva el caso, podr\u00eda resolver que el careo se realice de manera virtual, sin que Diego salga del penal de Cadereyta, donde permanece en privado de la libertad.<\/p>\n<p>En marzo de 2006, Diego Santoy Riveroll fue acusado por el asesinato de los hermanos \u00c9rik Azur y Mar\u00eda Fernanda, de 7 y 3 a\u00f1os, respectivamente, adem\u00e1s de causar lesiones a su exnovia \u00c9rika Pe\u00f1a Coss, hermana de los ni\u00f1os, y la privaci\u00f3n ilegal de la libertad de la empleada dom\u00e9stica Catalina Bautista.<\/p>\n<p>Fuente: Agencias<\/p>\n","protected":false},"excerpt":{"rendered":"<p>Este viernes se programaron audiencias de careo de Diego Santoy con su exnovia Erika Pe\u00f1a Coss, Tere Coss y otros testigos relacionados con el doble infanticidio de los hermanitos Pe\u00f1a Coss; sin embargo, los testigos no acudieron a las diligencias solicitadas por el llamado asesino de Cumbres. Santoy pretende una reducci\u00f3n en la sentencia por<a class=\"read-more\" href=\"https:\/\/globalnewsmexico.com\/sitio\/careo-de-diego-santoy-y-erika-pena-seria-virtual\/\">Leer m\u00e1s<\/a><\/p>\n","protected":false},"author":5,"featured_media":44387,"comment_status":"closed","ping_status":"open","sticky":false,"template":"","format":"standard","meta":{"spay_email":"","footnotes":""},"categories":[37,8,49,52],"tags":[],"jetpack_featured_media_url":"https:\/\/i2.wp.com\/globalnewsmexico.com\/sitio\/wp-content\/uploads\/2020\/02\/2747745-1.jpg?fit=1040%2C693&ssl=1","jetpack_sharing_enabled":true,"jetpack_shortlink":"https:\/\/wp.me\/p9yqPL-bxU","jetpack_likes_enabled":true,"_links":{"self":[{"href":"https:\/\/globalnewsmexico.com\/sitio\/wp-json\/wp\/v2\/posts\/44386"}],"collection":[{"href":"https:\/\/globalnewsmexico.com\/sitio\/wp-json\/wp\/v2\/posts"}],"about":[{"href":"https:\/\/globalnewsmexico.com\/sitio\/wp-json\/wp\/v2\/types\/post"}],"author":[{"embeddable":true,"href":"https:\/\/globalnewsmexico.com\/sitio\/wp-json\/wp\/v2\/users\/5"}],"replies":[{"embeddable":true,"href":"https:\/\/globalnewsmexico.com\/sitio\/wp-json\/wp\/v2\/comments?post=44386"}],"version-history":[{"count":0,"href":"https:\/\/globalnewsmexico.com\/sitio\/wp-json\/wp\/v2\/posts\/44386\/revisions"}],"wp:featuredmedia":[{"embeddable":true,"href":"https:\/\/globalnewsmexico.com\/sitio\/wp-json\/wp\/v2\/media\/44387"}],"wp:attachment":[{"href":"https:\/\/globalnewsmexico.com\/sitio\/wp-json\/wp\/v2\/media?parent=44386"}],"wp:term":[{"taxonomy":"category","embeddable":true,"href":"https:\/\/globalnewsmexico.com\/sitio\/wp-json\/wp\/v2\/categories?post=44386"},{"taxonomy":"post_tag","embeddable":true,"href":"https:\/\/globalnewsmexico.com\/sitio\/wp-json\/wp\/v2\/tags?post=44386"}],"curies":[{"name":"wp","href":"https:\/\/api.w.org\/{rel}","templated":true}]}}