{"id":44438,"date":"2020-02-29T16:43:04","date_gmt":"2020-02-29T22:43:04","guid":{"rendered":"http:\/\/globalnewsmexico.com\/sitio\/?p=44438"},"modified":"2020-02-29T16:43:04","modified_gmt":"2020-02-29T22:43:04","slug":"iglesias-de-veracruz-toman-medidas-de-prevencion-por-coronavirus","status":"publish","type":"post","link":"https:\/\/globalnewsmexico.com\/sitio\/iglesias-de-veracruz-toman-medidas-de-prevencion-por-coronavirus\/","title":{"rendered":"Iglesias de Veracruz toman medidas de prevenci\u00f3n por coronavirus"},"content":{"rendered":"<p>El vocero de la Di\u00f3cesis de Veracruz, V\u00edctor D\u00edaz Mendoza, inform\u00f3 que las iglesias ya aplican las medidas de prevenci\u00f3n para evitar alg\u00fan contagio por el coronavirus.<\/p>\n<p>\u201cNo es que haya una crisis ya, no es una crisis, es m\u00e1s bien una prevenci\u00f3n, una alerta para que incluso pongamos en pr\u00e1ctica las recomendaciones del Sector Salud\u201d, dijo.<\/p>\n<p>En las misas de la catedral, el saludo de paz se ha suprimido y ahora implementan una reverencia con la cabeza sin contacto f\u00edsico, como s\u00edmbolo de paz.<\/p>\n<p>La comuni\u00f3n se reparte en las manos de los fieles: hacen fila como com\u00fanmente se lleva a cabo, ponen la mano izquierda sobre la derecha, enseguida el sacerdote o los ministros ponen la comuni\u00f3n en las manos de los que comulgan.<\/p>\n<p>Sin embargo, las medidas de prevenci\u00f3n no son obligatorias, ya que si alguno de los feligreses prefiere recibir la comuni\u00f3n de manera tradicional, en la boca, no se la niegan.<\/p>\n<p>Apunt\u00f3 que las medidas las llevar\u00e1n a cabo hasta que el Sector Salud indique.<\/p>\n<p>Fuente: Xeu Noticias<\/p>\n","protected":false},"excerpt":{"rendered":"<p>El vocero de la Di\u00f3cesis de Veracruz, V\u00edctor D\u00edaz Mendoza, inform\u00f3 que las iglesias ya aplican las medidas de prevenci\u00f3n para evitar alg\u00fan contagio por el coronavirus. \u201cNo es que haya una crisis ya, no es una crisis, es m\u00e1s bien una prevenci\u00f3n, una alerta para que incluso pongamos en pr\u00e1ctica las recomendaciones del Sector<a class=\"read-more\" href=\"https:\/\/globalnewsmexico.com\/sitio\/iglesias-de-veracruz-toman-medidas-de-prevencion-por-coronavirus\/\">Leer m\u00e1s<\/a><\/p>\n","protected":false},"author":5,"featured_media":44439,"comment_status":"closed","ping_status":"open","sticky":false,"template":"","format":"standard","meta":{"spay_email":"","footnotes":""},"categories":[37,8,50,52],"tags":[],"jetpack_featured_media_url":"https:\/\/i0.wp.com\/globalnewsmexico.com\/sitio\/wp-content\/uploads\/2020\/02\/1087510.jpg?fit=1024%2C683&ssl=1","jetpack_sharing_enabled":true,"jetpack_shortlink":"https:\/\/wp.me\/p9yqPL-byK","jetpack_likes_enabled":true,"_links":{"self":[{"href":"https:\/\/globalnewsmexico.com\/sitio\/wp-json\/wp\/v2\/posts\/44438"}],"collection":[{"href":"https:\/\/globalnewsmexico.com\/sitio\/wp-json\/wp\/v2\/posts"}],"about":[{"href":"https:\/\/globalnewsmexico.com\/sitio\/wp-json\/wp\/v2\/types\/post"}],"author":[{"embeddable":true,"href":"https:\/\/globalnewsmexico.com\/sitio\/wp-json\/wp\/v2\/users\/5"}],"replies":[{"embeddable":true,"href":"https:\/\/globalnewsmexico.com\/sitio\/wp-json\/wp\/v2\/comments?post=44438"}],"version-history":[{"count":0,"href":"https:\/\/globalnewsmexico.com\/sitio\/wp-json\/wp\/v2\/posts\/44438\/revisions"}],"wp:featuredmedia":[{"embeddable":true,"href":"https:\/\/globalnewsmexico.com\/sitio\/wp-json\/wp\/v2\/media\/44439"}],"wp:attachment":[{"href":"https:\/\/globalnewsmexico.com\/sitio\/wp-json\/wp\/v2\/media?parent=44438"}],"wp:term":[{"taxonomy":"category","embeddable":true,"href":"https:\/\/globalnewsmexico.com\/sitio\/wp-json\/wp\/v2\/categories?post=44438"},{"taxonomy":"post_tag","embeddable":true,"href":"https:\/\/globalnewsmexico.com\/sitio\/wp-json\/wp\/v2\/tags?post=44438"}],"curies":[{"name":"wp","href":"https:\/\/api.w.org\/{rel}","templated":true}]}}