{"id":44472,"date":"2020-03-02T13:06:52","date_gmt":"2020-03-02T19:06:52","guid":{"rendered":"http:\/\/globalnewsmexico.com\/sitio\/?p=44472"},"modified":"2020-03-02T13:06:52","modified_gmt":"2020-03-02T19:06:52","slug":"ingresan-a-emilio-lozoya-a-carcel-de-madrid","status":"publish","type":"post","link":"https:\/\/globalnewsmexico.com\/sitio\/ingresan-a-emilio-lozoya-a-carcel-de-madrid\/","title":{"rendered":"Ingresan a Emilio Lozoya a c\u00e1rcel de Madrid"},"content":{"rendered":"<p>El exdirector de Petr\u00f3leos Mexicanos (Pemex), Emilio Lozoya, lleg\u00f3 este lunes a una prisi\u00f3n en Madrid, lugar al que fue trasladado desde M\u00e1laga, donde se encontraba recuido.<\/p>\n<p>El exfuncionario fue detenido el pasado 12 de febrero en M\u00e1laga y est\u00e1 acusado de lavado de dinero, cohecho y fraude.<\/p>\n<p>El Gobierno de M\u00e9xico realiza las gestiones correspondientes para su extradici\u00f3n.<\/p>\n<p>Fuente: Notisistema<\/p>\n","protected":false},"excerpt":{"rendered":"<p>El exdirector de Petr\u00f3leos Mexicanos (Pemex), Emilio Lozoya, lleg\u00f3 este lunes a una prisi\u00f3n en Madrid, lugar al que fue trasladado desde M\u00e1laga, donde se encontraba recuido. El exfuncionario fue detenido el pasado 12 de febrero en M\u00e1laga y est\u00e1 acusado de lavado de dinero, cohecho y fraude. El Gobierno de M\u00e9xico realiza las gestiones<a class=\"read-more\" href=\"https:\/\/globalnewsmexico.com\/sitio\/ingresan-a-emilio-lozoya-a-carcel-de-madrid\/\">Leer m\u00e1s<\/a><\/p>\n","protected":false},"author":5,"featured_media":44473,"comment_status":"closed","ping_status":"open","sticky":false,"template":"","format":"standard","meta":{"spay_email":"","footnotes":""},"categories":[37,8,40,52],"tags":[],"jetpack_featured_media_url":"https:\/\/i0.wp.com\/globalnewsmexico.com\/sitio\/wp-content\/uploads\/2020\/03\/Emilio-Lozoya-3-610x389.jpg?fit=1040%2C663&ssl=1","jetpack_sharing_enabled":true,"jetpack_shortlink":"https:\/\/wp.me\/p9yqPL-bzi","jetpack_likes_enabled":true,"_links":{"self":[{"href":"https:\/\/globalnewsmexico.com\/sitio\/wp-json\/wp\/v2\/posts\/44472"}],"collection":[{"href":"https:\/\/globalnewsmexico.com\/sitio\/wp-json\/wp\/v2\/posts"}],"about":[{"href":"https:\/\/globalnewsmexico.com\/sitio\/wp-json\/wp\/v2\/types\/post"}],"author":[{"embeddable":true,"href":"https:\/\/globalnewsmexico.com\/sitio\/wp-json\/wp\/v2\/users\/5"}],"replies":[{"embeddable":true,"href":"https:\/\/globalnewsmexico.com\/sitio\/wp-json\/wp\/v2\/comments?post=44472"}],"version-history":[{"count":0,"href":"https:\/\/globalnewsmexico.com\/sitio\/wp-json\/wp\/v2\/posts\/44472\/revisions"}],"wp:featuredmedia":[{"embeddable":true,"href":"https:\/\/globalnewsmexico.com\/sitio\/wp-json\/wp\/v2\/media\/44473"}],"wp:attachment":[{"href":"https:\/\/globalnewsmexico.com\/sitio\/wp-json\/wp\/v2\/media?parent=44472"}],"wp:term":[{"taxonomy":"category","embeddable":true,"href":"https:\/\/globalnewsmexico.com\/sitio\/wp-json\/wp\/v2\/categories?post=44472"},{"taxonomy":"post_tag","embeddable":true,"href":"https:\/\/globalnewsmexico.com\/sitio\/wp-json\/wp\/v2\/tags?post=44472"}],"curies":[{"name":"wp","href":"https:\/\/api.w.org\/{rel}","templated":true}]}}