{"id":44475,"date":"2020-03-02T14:44:36","date_gmt":"2020-03-02T20:44:36","guid":{"rendered":"http:\/\/globalnewsmexico.com\/sitio\/?p=44475"},"modified":"2020-03-02T14:44:36","modified_gmt":"2020-03-02T20:44:36","slug":"ministro-evita-saludar-de-mano-a-angela-merkel-por-miedo-a-coronavirus","status":"publish","type":"post","link":"https:\/\/globalnewsmexico.com\/sitio\/ministro-evita-saludar-de-mano-a-angela-merkel-por-miedo-a-coronavirus\/","title":{"rendered":"Ministro evita saludar de mano a Angela Merkel por miedo a coronavirus"},"content":{"rendered":"<p>El ministro alem\u00e1n del Interior, Horst Seehofer, se tom\u00f3 muy en serio el consejo de los m\u00e9dicos de lavarse las manos con frecuencia y evitar el contacto f\u00edsico para limitar la propagaci\u00f3n del coronavirus, y rechaz\u00f3 hoy estrechar la mano de la canciller Angela Merkel.<\/p>\n<p>Cuando la mandataria se le acerc\u00f3 con la mano extendida en una reuni\u00f3n con representantes de asociaciones de migrantes en Berl\u00edn, el titular del Interior levant\u00f3 las manos, seg\u00fan observ\u00f3 un fot\u00f3grafo de la dpa. Despu\u00e9s, Merkel y Seehofer se echaron a re\u00edr.<\/p>\n<p>El propio Seehofer cont\u00f3 en una entrevista publicada ayer por \u00abBild am Sonntag\u00bb, que hab\u00eda dejado de dar apretones de mano como medida preventiva.<\/p>\n<p>Fuente: Agencias<\/p>\n","protected":false},"excerpt":{"rendered":"<p>El ministro alem\u00e1n del Interior, Horst Seehofer, se tom\u00f3 muy en serio el consejo de los m\u00e9dicos de lavarse las manos con frecuencia y evitar el contacto f\u00edsico para limitar la propagaci\u00f3n del coronavirus, y rechaz\u00f3 hoy estrechar la mano de la canciller Angela Merkel. Cuando la mandataria se le acerc\u00f3 con la mano extendida<a class=\"read-more\" href=\"https:\/\/globalnewsmexico.com\/sitio\/ministro-evita-saludar-de-mano-a-angela-merkel-por-miedo-a-coronavirus\/\">Leer m\u00e1s<\/a><\/p>\n","protected":false},"author":5,"featured_media":44476,"comment_status":"closed","ping_status":"open","sticky":false,"template":"","format":"standard","meta":{"spay_email":"","footnotes":""},"categories":[37,8,48,52],"tags":[],"jetpack_featured_media_url":"https:\/\/i1.wp.com\/globalnewsmexico.com\/sitio\/wp-content\/uploads\/2020\/03\/ministro-aleman-interior-horst-seehofer_0_9_800_498.jpg?fit=1040%2C647&ssl=1","jetpack_sharing_enabled":true,"jetpack_shortlink":"https:\/\/wp.me\/p9yqPL-bzl","jetpack_likes_enabled":true,"_links":{"self":[{"href":"https:\/\/globalnewsmexico.com\/sitio\/wp-json\/wp\/v2\/posts\/44475"}],"collection":[{"href":"https:\/\/globalnewsmexico.com\/sitio\/wp-json\/wp\/v2\/posts"}],"about":[{"href":"https:\/\/globalnewsmexico.com\/sitio\/wp-json\/wp\/v2\/types\/post"}],"author":[{"embeddable":true,"href":"https:\/\/globalnewsmexico.com\/sitio\/wp-json\/wp\/v2\/users\/5"}],"replies":[{"embeddable":true,"href":"https:\/\/globalnewsmexico.com\/sitio\/wp-json\/wp\/v2\/comments?post=44475"}],"version-history":[{"count":0,"href":"https:\/\/globalnewsmexico.com\/sitio\/wp-json\/wp\/v2\/posts\/44475\/revisions"}],"wp:featuredmedia":[{"embeddable":true,"href":"https:\/\/globalnewsmexico.com\/sitio\/wp-json\/wp\/v2\/media\/44476"}],"wp:attachment":[{"href":"https:\/\/globalnewsmexico.com\/sitio\/wp-json\/wp\/v2\/media?parent=44475"}],"wp:term":[{"taxonomy":"category","embeddable":true,"href":"https:\/\/globalnewsmexico.com\/sitio\/wp-json\/wp\/v2\/categories?post=44475"},{"taxonomy":"post_tag","embeddable":true,"href":"https:\/\/globalnewsmexico.com\/sitio\/wp-json\/wp\/v2\/tags?post=44475"}],"curies":[{"name":"wp","href":"https:\/\/api.w.org\/{rel}","templated":true}]}}