{"id":44556,"date":"2020-03-04T11:06:48","date_gmt":"2020-03-04T17:06:48","guid":{"rendered":"http:\/\/globalnewsmexico.com\/sitio\/?p=44556"},"modified":"2020-03-04T11:06:48","modified_gmt":"2020-03-04T17:06:48","slug":"italia-cierra-escuelas-por-coronavirus","status":"publish","type":"post","link":"https:\/\/globalnewsmexico.com\/sitio\/italia-cierra-escuelas-por-coronavirus\/","title":{"rendered":"Italia cierra escuelas por coronavirus"},"content":{"rendered":"<p>Italia es el pa\u00eds europeo m\u00e1s afectado por el coronavirus Covid-19, con alrededor de 80 fallecidos y m\u00e1s de 2 mil 300 casos de infecci\u00f3n, adem\u00e1s de que las autoridades estudian extender a B\u00e9rgamo, la cuarentena impuesta sobre 11 localidades desde el 22 de febrero, as\u00ed como el cierre temporal de las escuelas y universidades del pa\u00eds.<\/p>\n<p>Seg\u00fan el \u00faltimo informe m\u00e9dico, el n\u00famero de fallecidos con el coronavirus se increment\u00f3 en 27 casos, cuando la cifra total era de 52.<\/p>\n<p>Todas las v\u00edctimas son ancianos con otras serias patolog\u00edas agravadas por el coronavirus surgido en la ciudad china de Wuhan.<\/p>\n<p>En tanto, El Vaticano pospuso dos importantes foros, uno con j\u00f3venes empresarios de todo el mundo, de marzo a noviembre, y otro sobre educaci\u00f3n, previsto para mayo y que finalmente tendr\u00e1 lugar a partir del 11 de noviembre.<\/p>\n<p>Fuente: Agencias<\/p>\n","protected":false},"excerpt":{"rendered":"<p>Italia es el pa\u00eds europeo m\u00e1s afectado por el coronavirus Covid-19, con alrededor de 80 fallecidos y m\u00e1s de 2 mil 300 casos de infecci\u00f3n, adem\u00e1s de que las autoridades estudian extender a B\u00e9rgamo, la cuarentena impuesta sobre 11 localidades desde el 22 de febrero, as\u00ed como el cierre temporal de las escuelas y universidades<a class=\"read-more\" href=\"https:\/\/globalnewsmexico.com\/sitio\/italia-cierra-escuelas-por-coronavirus\/\">Leer m\u00e1s<\/a><\/p>\n","protected":false},"author":5,"featured_media":44557,"comment_status":"closed","ping_status":"open","sticky":false,"template":"","format":"standard","meta":{"spay_email":"","footnotes":""},"categories":[37,8,48,52],"tags":[],"jetpack_featured_media_url":"https:\/\/i0.wp.com\/globalnewsmexico.com\/sitio\/wp-content\/uploads\/2020\/03\/20200221-637179003001739006.jpg?fit=1040%2C588&ssl=1","jetpack_sharing_enabled":true,"jetpack_shortlink":"https:\/\/wp.me\/p9yqPL-bAE","jetpack_likes_enabled":true,"_links":{"self":[{"href":"https:\/\/globalnewsmexico.com\/sitio\/wp-json\/wp\/v2\/posts\/44556"}],"collection":[{"href":"https:\/\/globalnewsmexico.com\/sitio\/wp-json\/wp\/v2\/posts"}],"about":[{"href":"https:\/\/globalnewsmexico.com\/sitio\/wp-json\/wp\/v2\/types\/post"}],"author":[{"embeddable":true,"href":"https:\/\/globalnewsmexico.com\/sitio\/wp-json\/wp\/v2\/users\/5"}],"replies":[{"embeddable":true,"href":"https:\/\/globalnewsmexico.com\/sitio\/wp-json\/wp\/v2\/comments?post=44556"}],"version-history":[{"count":0,"href":"https:\/\/globalnewsmexico.com\/sitio\/wp-json\/wp\/v2\/posts\/44556\/revisions"}],"wp:featuredmedia":[{"embeddable":true,"href":"https:\/\/globalnewsmexico.com\/sitio\/wp-json\/wp\/v2\/media\/44557"}],"wp:attachment":[{"href":"https:\/\/globalnewsmexico.com\/sitio\/wp-json\/wp\/v2\/media?parent=44556"}],"wp:term":[{"taxonomy":"category","embeddable":true,"href":"https:\/\/globalnewsmexico.com\/sitio\/wp-json\/wp\/v2\/categories?post=44556"},{"taxonomy":"post_tag","embeddable":true,"href":"https:\/\/globalnewsmexico.com\/sitio\/wp-json\/wp\/v2\/tags?post=44556"}],"curies":[{"name":"wp","href":"https:\/\/api.w.org\/{rel}","templated":true}]}}