{"id":44617,"date":"2020-03-05T12:27:28","date_gmt":"2020-03-05T18:27:28","guid":{"rendered":"http:\/\/globalnewsmexico.com\/sitio\/?p=44617"},"modified":"2020-03-05T12:27:28","modified_gmt":"2020-03-05T18:27:28","slug":"elizabeth-warren-abandona-la-carrera-presidencial-en-ee-uu","status":"publish","type":"post","link":"https:\/\/globalnewsmexico.com\/sitio\/elizabeth-warren-abandona-la-carrera-presidencial-en-ee-uu\/","title":{"rendered":"Elizabeth Warren abandona la carrera presidencial en EE. UU."},"content":{"rendered":"<p>La aspirante dem\u00f3crata a la Casa Blanca, Elizabeth Warren, que lleg\u00f3 a liderar las encuestas de intenci\u00f3n de voto a nivel nacional, decidi\u00f3 abandonar la carrera por la nominaci\u00f3n dem\u00f3crata, al considerar que la campa\u00f1a no logr\u00f3 cumplir sus metas. <\/p>\n<p>\u00abHoy suspender\u00e9 nuestra campa\u00f1a para presidente\u00bb, dijo la senadora progresista de Massachusetts de 70 a\u00f1os, al comunicar la decisi\u00f3n a su equipo.<\/p>\n<p>\u00abPuede que no est\u00e9 en la carrera por la presidencia en 2020, pero esta pelea, nuestra pelea, no ha terminado\u00bb, advirti\u00f3.<\/p>\n<p>Al ser cuestionada a qu\u00e9 candidato apoyar\u00eda, la senadora enfatiz\u00f3 no encontrarse \u00ablista\u00bb para apoyar a nadie.<\/p>\n<p>\u00abRespiremos hondo y demos un poco de tiempo a eso. No tenemos que decidir en este momento\u00bb, agreg\u00f3.<\/p>\n<p>Warren era la \u00faltima mujer entre los principales contendientes a convertirse en el rival de Donald Trump, en noviembre. Tambi\u00e9n lider\u00f3 algunos sondeos el a\u00f1o pasado, pero nunca logr\u00f3 formar una amplia coalici\u00f3n de apoyo que le reportara \u00e9xitos en las urnas.<\/p>\n<p>Tampoco gan\u00f3 ni una sola de la veintena de primarias dem\u00f3cratas realizadas hasta la fecha, y sufri\u00f3 derrotas particularmente humillantes en Massachusetts, el estado que representa en el Senado, y en Oklahoma, donde se cri\u00f3.<\/p>\n<p>Fuente: Agencias<\/p>\n","protected":false},"excerpt":{"rendered":"<p>La aspirante dem\u00f3crata a la Casa Blanca, Elizabeth Warren, que lleg\u00f3 a liderar las encuestas de intenci\u00f3n de voto a nivel nacional, decidi\u00f3 abandonar la carrera por la nominaci\u00f3n dem\u00f3crata, al considerar que la campa\u00f1a no logr\u00f3 cumplir sus metas. \u00abHoy suspender\u00e9 nuestra campa\u00f1a para presidente\u00bb, dijo la senadora progresista de Massachusetts de 70 a\u00f1os,<a class=\"read-more\" href=\"https:\/\/globalnewsmexico.com\/sitio\/elizabeth-warren-abandona-la-carrera-presidencial-en-ee-uu\/\">Leer m\u00e1s<\/a><\/p>\n","protected":false},"author":5,"featured_media":44618,"comment_status":"closed","ping_status":"open","sticky":false,"template":"","format":"standard","meta":{"spay_email":"","footnotes":""},"categories":[37,8,48,52],"tags":[],"jetpack_featured_media_url":"https:\/\/i1.wp.com\/globalnewsmexico.com\/sitio\/wp-content\/uploads\/2020\/03\/aspirante-democrata-casa-blanca-liderar_0_3_800_498.jpg?fit=1040%2C647&ssl=1","jetpack_sharing_enabled":true,"jetpack_shortlink":"https:\/\/wp.me\/p9yqPL-bBD","jetpack_likes_enabled":true,"_links":{"self":[{"href":"https:\/\/globalnewsmexico.com\/sitio\/wp-json\/wp\/v2\/posts\/44617"}],"collection":[{"href":"https:\/\/globalnewsmexico.com\/sitio\/wp-json\/wp\/v2\/posts"}],"about":[{"href":"https:\/\/globalnewsmexico.com\/sitio\/wp-json\/wp\/v2\/types\/post"}],"author":[{"embeddable":true,"href":"https:\/\/globalnewsmexico.com\/sitio\/wp-json\/wp\/v2\/users\/5"}],"replies":[{"embeddable":true,"href":"https:\/\/globalnewsmexico.com\/sitio\/wp-json\/wp\/v2\/comments?post=44617"}],"version-history":[{"count":0,"href":"https:\/\/globalnewsmexico.com\/sitio\/wp-json\/wp\/v2\/posts\/44617\/revisions"}],"wp:featuredmedia":[{"embeddable":true,"href":"https:\/\/globalnewsmexico.com\/sitio\/wp-json\/wp\/v2\/media\/44618"}],"wp:attachment":[{"href":"https:\/\/globalnewsmexico.com\/sitio\/wp-json\/wp\/v2\/media?parent=44617"}],"wp:term":[{"taxonomy":"category","embeddable":true,"href":"https:\/\/globalnewsmexico.com\/sitio\/wp-json\/wp\/v2\/categories?post=44617"},{"taxonomy":"post_tag","embeddable":true,"href":"https:\/\/globalnewsmexico.com\/sitio\/wp-json\/wp\/v2\/tags?post=44617"}],"curies":[{"name":"wp","href":"https:\/\/api.w.org\/{rel}","templated":true}]}}