{"id":44625,"date":"2020-03-05T13:21:45","date_gmt":"2020-03-05T19:21:45","guid":{"rendered":"http:\/\/globalnewsmexico.com\/sitio\/?p=44625"},"modified":"2020-03-05T13:21:45","modified_gmt":"2020-03-05T19:21:45","slug":"proxima-semana-podria-aprobarse-la-intervencion-de-la-tesoreria-de-jamapa-diputado","status":"publish","type":"post","link":"https:\/\/globalnewsmexico.com\/sitio\/proxima-semana-podria-aprobarse-la-intervencion-de-la-tesoreria-de-jamapa-diputado\/","title":{"rendered":"Pr\u00f3xima semana podr\u00eda aprobarse la intervenci\u00f3n de la Tesorer\u00eda de Jamapa: diputado"},"content":{"rendered":"<p>El presidente de la comisi\u00f3n de Hacienda Municipal del Congreso de Veracruz, Augusto Nah\u00fam \u00c1lvarez Pellico, confirm\u00f3 que la pr\u00f3xima semana se estar\u00eda aprobando la intervenci\u00f3n de la Tesorer\u00eda del Ayuntamiento de Jamapa.<\/p>\n<p>\u00abLa solicitud ya est\u00e1, se ha aprobado la intervenci\u00f3n, no tenemos una fecha exacta, pero de que se va a llevar a cabo, as\u00ed se har\u00e1\u00bb, dijo.<\/p>\n<p>Desde el a\u00f1o pasado, la alcaldesa de Jamapa, Florisel R\u00edos Delf\u00edn, enfrenta acusaciones de presuntos desv\u00edos y mal uso del presupuesto p\u00fablico.<\/p>\n<p>Tan solo en la cuenta p\u00fablica 2017, se registr\u00f3 seg\u00fan el \u00d3rgano de Fiscalizaci\u00f3n Superior (Orfis) un da\u00f1o patrimonial de 2 millones 496 mil 908.50 pesos.<\/p>\n<p>Cabe recordar que R\u00edos Delf\u00edn, llegando al poder, se autoriz\u00f3 un pr\u00e9stamo personal de 200 mil pesos, sin considerar al cabildo.<\/p>\n<p>Al respecto, el legislador de Morena advirti\u00f3 que hay \u00abelementos suficientes para proceder; es un hecho, toda vez que el mismo gobernador se ha manifestado al respecto\u00bb.<\/p>\n","protected":false},"excerpt":{"rendered":"<p>El presidente de la comisi\u00f3n de Hacienda Municipal del Congreso de Veracruz, Augusto Nah\u00fam \u00c1lvarez Pellico, confirm\u00f3 que la pr\u00f3xima semana se estar\u00eda aprobando la intervenci\u00f3n de la Tesorer\u00eda del Ayuntamiento de Jamapa. \u00abLa solicitud ya est\u00e1, se ha aprobado la intervenci\u00f3n, no tenemos una fecha exacta, pero de que se va a llevar a<a class=\"read-more\" href=\"https:\/\/globalnewsmexico.com\/sitio\/proxima-semana-podria-aprobarse-la-intervencion-de-la-tesoreria-de-jamapa-diputado\/\">Leer m\u00e1s<\/a><\/p>\n","protected":false},"author":5,"featured_media":44626,"comment_status":"closed","ping_status":"open","sticky":false,"template":"","format":"standard","meta":{"spay_email":"","footnotes":""},"categories":[37,8,50,52],"tags":[],"jetpack_featured_media_url":"https:\/\/i1.wp.com\/globalnewsmexico.com\/sitio\/wp-content\/uploads\/2020\/03\/jamapa-focus-0.08-0.12-983-557.jpg?fit=1040%2C601&ssl=1","jetpack_sharing_enabled":true,"jetpack_shortlink":"https:\/\/wp.me\/p9yqPL-bBL","jetpack_likes_enabled":true,"_links":{"self":[{"href":"https:\/\/globalnewsmexico.com\/sitio\/wp-json\/wp\/v2\/posts\/44625"}],"collection":[{"href":"https:\/\/globalnewsmexico.com\/sitio\/wp-json\/wp\/v2\/posts"}],"about":[{"href":"https:\/\/globalnewsmexico.com\/sitio\/wp-json\/wp\/v2\/types\/post"}],"author":[{"embeddable":true,"href":"https:\/\/globalnewsmexico.com\/sitio\/wp-json\/wp\/v2\/users\/5"}],"replies":[{"embeddable":true,"href":"https:\/\/globalnewsmexico.com\/sitio\/wp-json\/wp\/v2\/comments?post=44625"}],"version-history":[{"count":0,"href":"https:\/\/globalnewsmexico.com\/sitio\/wp-json\/wp\/v2\/posts\/44625\/revisions"}],"wp:featuredmedia":[{"embeddable":true,"href":"https:\/\/globalnewsmexico.com\/sitio\/wp-json\/wp\/v2\/media\/44626"}],"wp:attachment":[{"href":"https:\/\/globalnewsmexico.com\/sitio\/wp-json\/wp\/v2\/media?parent=44625"}],"wp:term":[{"taxonomy":"category","embeddable":true,"href":"https:\/\/globalnewsmexico.com\/sitio\/wp-json\/wp\/v2\/categories?post=44625"},{"taxonomy":"post_tag","embeddable":true,"href":"https:\/\/globalnewsmexico.com\/sitio\/wp-json\/wp\/v2\/tags?post=44625"}],"curies":[{"name":"wp","href":"https:\/\/api.w.org\/{rel}","templated":true}]}}