{"id":44668,"date":"2020-03-06T13:30:14","date_gmt":"2020-03-06T19:30:14","guid":{"rendered":"http:\/\/globalnewsmexico.com\/sitio\/?p=44668"},"modified":"2020-03-06T13:30:14","modified_gmt":"2020-03-06T19:30:14","slug":"te-sumes-o-no-al-paro-del-9-hazconciencia-beatriz-gutierrez","status":"publish","type":"post","link":"https:\/\/globalnewsmexico.com\/sitio\/te-sumes-o-no-al-paro-del-9-hazconciencia-beatriz-gutierrez\/","title":{"rendered":"Te sumes o no al paro del 9, #HazConciencia: Beatriz Guti\u00e9rrez"},"content":{"rendered":"<p>La historiadora Beatriz Guti\u00e9rrez M\u00fcller asegur\u00f3 que el 8 de marzo es un d\u00eda para la reivindicaci\u00f3n de las mujeres. \u201cEs una forma de demandar igualdad, reconocimiento y respeto\u201d. <\/p>\n<p>\u201cEs una exigencia de justicia. Una reivindicaci\u00f3n de igualdad de las mujeres desde su diferencia. No es una guerra contra nadie sino una lucha por el respeto mutuo\u201d, indic\u00f3.<\/p>\n<p>En un mensaje en cuenta de Facebook, la tambi\u00e9n escritora se\u00f1al\u00f3 que esta demanda de las mujeres, \u201cno deber\u00eda ser tocada por intereses ajenos, por medios de comunicaci\u00f3n, individuos o colectivos con fines pol\u00edtico-partidistas. Incluso, con fines comerciales\u201d.<\/p>\n<p>\u201c#El8deMarzo fue instituido por la ONU en 1975. Es una #iniciativainternacional. Sin ideolog\u00edas. Es una fecha para que TODAS demandemos y promovamos la igualdad, la justicia y el respeto. #El8deMarzo es PARA HACER CONCIENCIA\u201d, manifest\u00f3.<\/p>\n<p>Agreg\u00f3 que hay que trabajar por las acciones que sugiere la ONU, entre ellas recibir igual salario por igual trabajo, compartir los cuidados, acabar con el acoso y la violencia de g\u00e9nero, ense\u00f1ar a nuestras hijas lo valiosas que son, desafiar los est\u00e1ndares de belleza y desafiar el machismo.<\/p>\n<p>\u201cTe sumes o no al paro del 9 #HazConciencia\u201d, remat\u00f3.<\/p>\n<p>Beatriz Guti\u00e9rrez M\u00fcller acompa\u00f1\u00f3 su texto con una acuarela de su autor\u00eda titulada &#8216;\u00bfOyes a la Tierra?&#8217;.<\/p>\n<p>Fuente: Exc\u00e9lsior<\/p>\n","protected":false},"excerpt":{"rendered":"<p>La historiadora Beatriz Guti\u00e9rrez M\u00fcller asegur\u00f3 que el 8 de marzo es un d\u00eda para la reivindicaci\u00f3n de las mujeres. \u201cEs una forma de demandar igualdad, reconocimiento y respeto\u201d. \u201cEs una exigencia de justicia. Una reivindicaci\u00f3n de igualdad de las mujeres desde su diferencia. No es una guerra contra nadie sino una lucha por el<a class=\"read-more\" href=\"https:\/\/globalnewsmexico.com\/sitio\/te-sumes-o-no-al-paro-del-9-hazconciencia-beatriz-gutierrez\/\">Leer m\u00e1s<\/a><\/p>\n","protected":false},"author":5,"featured_media":44669,"comment_status":"closed","ping_status":"open","sticky":false,"template":"","format":"standard","meta":{"spay_email":"","footnotes":""},"categories":[37,8,40,52],"tags":[],"jetpack_featured_media_url":"https:\/\/i0.wp.com\/globalnewsmexico.com\/sitio\/wp-content\/uploads\/2020\/03\/beatriz_gutierrez-482x220.jpg?fit=1040%2C642&ssl=1","jetpack_sharing_enabled":true,"jetpack_shortlink":"https:\/\/wp.me\/p9yqPL-bCs","jetpack_likes_enabled":true,"_links":{"self":[{"href":"https:\/\/globalnewsmexico.com\/sitio\/wp-json\/wp\/v2\/posts\/44668"}],"collection":[{"href":"https:\/\/globalnewsmexico.com\/sitio\/wp-json\/wp\/v2\/posts"}],"about":[{"href":"https:\/\/globalnewsmexico.com\/sitio\/wp-json\/wp\/v2\/types\/post"}],"author":[{"embeddable":true,"href":"https:\/\/globalnewsmexico.com\/sitio\/wp-json\/wp\/v2\/users\/5"}],"replies":[{"embeddable":true,"href":"https:\/\/globalnewsmexico.com\/sitio\/wp-json\/wp\/v2\/comments?post=44668"}],"version-history":[{"count":0,"href":"https:\/\/globalnewsmexico.com\/sitio\/wp-json\/wp\/v2\/posts\/44668\/revisions"}],"wp:featuredmedia":[{"embeddable":true,"href":"https:\/\/globalnewsmexico.com\/sitio\/wp-json\/wp\/v2\/media\/44669"}],"wp:attachment":[{"href":"https:\/\/globalnewsmexico.com\/sitio\/wp-json\/wp\/v2\/media?parent=44668"}],"wp:term":[{"taxonomy":"category","embeddable":true,"href":"https:\/\/globalnewsmexico.com\/sitio\/wp-json\/wp\/v2\/categories?post=44668"},{"taxonomy":"post_tag","embeddable":true,"href":"https:\/\/globalnewsmexico.com\/sitio\/wp-json\/wp\/v2\/tags?post=44668"}],"curies":[{"name":"wp","href":"https:\/\/api.w.org\/{rel}","templated":true}]}}