{"id":44702,"date":"2020-03-07T13:08:33","date_gmt":"2020-03-07T19:08:33","guid":{"rendered":"http:\/\/globalnewsmexico.com\/sitio\/?p=44702"},"modified":"2020-03-07T13:08:33","modified_gmt":"2020-03-07T19:08:33","slug":"uv-no-pondra-falta-a-quienes-participen-en-paro-nacional-undiasinmujeres","status":"publish","type":"post","link":"https:\/\/globalnewsmexico.com\/sitio\/uv-no-pondra-falta-a-quienes-participen-en-paro-nacional-undiasinmujeres\/","title":{"rendered":"UV no pondr\u00e1 falta a quienes participen en paro nacional #UnD\u00edaSinMujeres"},"content":{"rendered":"<p>El movimiento #UnD\u00edaSinMujeres es una iniciativa digna que es apoyada por la Universidad Veracruzana (UV), por lo que no se pondr\u00e1 falta a quienes se sumen al paro, se\u00f1al\u00f3 el vicerrector Alfonso P\u00e9rez Morales.<\/p>\n<p>\u00abLa UV se ha hecho uno, es un movimiento externo pero que nosotros hemos adoptado, creo que es una iniciativa muy digna en la que la mujer quiere hacer evidente que si no est\u00e1, realmente es una situaci\u00f3n muy importante y que a lo mejor no se ha visibilizado correctamente\u00bb, dijo. <\/p>\n<p>Destac\u00f3 que el movimiento es positivo y va a hacer visible la presencia importante de la mujer en todas las actividades que se desarrollan.<\/p>\n<p>Destac\u00f3 que en la UV, al menos el 51 por ciento son alumnas y mujeres trabajadoras, principalmente en carreras como enfermer\u00eda y medicina, mientras que en ingenier\u00eda es menor el porcentaje de mujeres.<\/p>\n<p>Fuente: Xeu Noticias<\/p>\n","protected":false},"excerpt":{"rendered":"<p>El movimiento #UnD\u00edaSinMujeres es una iniciativa digna que es apoyada por la Universidad Veracruzana (UV), por lo que no se pondr\u00e1 falta a quienes se sumen al paro, se\u00f1al\u00f3 el vicerrector Alfonso P\u00e9rez Morales. \u00abLa UV se ha hecho uno, es un movimiento externo pero que nosotros hemos adoptado, creo que es una iniciativa muy<a class=\"read-more\" href=\"https:\/\/globalnewsmexico.com\/sitio\/uv-no-pondra-falta-a-quienes-participen-en-paro-nacional-undiasinmujeres\/\">Leer m\u00e1s<\/a><\/p>\n","protected":false},"author":5,"featured_media":44703,"comment_status":"closed","ping_status":"open","sticky":false,"template":"","format":"standard","meta":{"spay_email":"","footnotes":""},"categories":[37,8,50,52],"tags":[],"jetpack_featured_media_url":"https:\/\/i2.wp.com\/globalnewsmexico.com\/sitio\/wp-content\/uploads\/2020\/03\/1088782.jpg?fit=1024%2C613&ssl=1","jetpack_sharing_enabled":true,"jetpack_shortlink":"https:\/\/wp.me\/p9yqPL-bD0","jetpack_likes_enabled":true,"_links":{"self":[{"href":"https:\/\/globalnewsmexico.com\/sitio\/wp-json\/wp\/v2\/posts\/44702"}],"collection":[{"href":"https:\/\/globalnewsmexico.com\/sitio\/wp-json\/wp\/v2\/posts"}],"about":[{"href":"https:\/\/globalnewsmexico.com\/sitio\/wp-json\/wp\/v2\/types\/post"}],"author":[{"embeddable":true,"href":"https:\/\/globalnewsmexico.com\/sitio\/wp-json\/wp\/v2\/users\/5"}],"replies":[{"embeddable":true,"href":"https:\/\/globalnewsmexico.com\/sitio\/wp-json\/wp\/v2\/comments?post=44702"}],"version-history":[{"count":0,"href":"https:\/\/globalnewsmexico.com\/sitio\/wp-json\/wp\/v2\/posts\/44702\/revisions"}],"wp:featuredmedia":[{"embeddable":true,"href":"https:\/\/globalnewsmexico.com\/sitio\/wp-json\/wp\/v2\/media\/44703"}],"wp:attachment":[{"href":"https:\/\/globalnewsmexico.com\/sitio\/wp-json\/wp\/v2\/media?parent=44702"}],"wp:term":[{"taxonomy":"category","embeddable":true,"href":"https:\/\/globalnewsmexico.com\/sitio\/wp-json\/wp\/v2\/categories?post=44702"},{"taxonomy":"post_tag","embeddable":true,"href":"https:\/\/globalnewsmexico.com\/sitio\/wp-json\/wp\/v2\/tags?post=44702"}],"curies":[{"name":"wp","href":"https:\/\/api.w.org\/{rel}","templated":true}]}}