{"id":44712,"date":"2020-03-07T15:02:57","date_gmt":"2020-03-07T21:02:57","guid":{"rendered":"http:\/\/globalnewsmexico.com\/sitio\/?p=44712"},"modified":"2020-03-07T15:02:57","modified_gmt":"2020-03-07T21:02:57","slug":"pri-no-descarta-alianza-con-el-pan-para-2021","status":"publish","type":"post","link":"https:\/\/globalnewsmexico.com\/sitio\/pri-no-descarta-alianza-con-el-pan-para-2021\/","title":{"rendered":"PRI no descarta alianza con el PAN para 2021"},"content":{"rendered":"<p>El Partido Revolucionario Institucional (PRI) no descarta una alianza con el Partido Acci\u00f3n Nacional (PAN) en las pr\u00f3ximas elecciones intermedias de 2021, afirm\u00f3 el dirigente nacional del tricolor, Alejandro Moreno C\u00e1rdenas.<\/p>\n<p>Cuestionado sobre la posibilidad de que su partido forme una coalici\u00f3n con quien por muchas d\u00e9cadas fue su principal oposici\u00f3n, dijo que para el pr\u00f3ximo proceso los pri\u00edstas est\u00e1n abiertos a todas las opciones.<\/p>\n<p>\u201cEn el espectro electoral toda posibilidad cabe, estamos construyendo di\u00e1logo, estamos construyendo acuerdos, pero lo que s\u00ed te puedo decir el d\u00eda de hoy es que el PRI est\u00e1 trabajando para construir candidaturas propias\u201d, dijo.<\/p>\n<p>Sin embargo reconoci\u00f3 que en el camino a la competencia electoral se pueden hacer acuerdos, consensos, alianzas y coaliciones, pero eso se va a decidir de acuerdo con la fortaleza que tenga su partido en las distintas regiones del pa\u00eds.<\/p>\n<p>Fuente: Xeu Noticias<\/p>\n","protected":false},"excerpt":{"rendered":"<p>El Partido Revolucionario Institucional (PRI) no descarta una alianza con el Partido Acci\u00f3n Nacional (PAN) en las pr\u00f3ximas elecciones intermedias de 2021, afirm\u00f3 el dirigente nacional del tricolor, Alejandro Moreno C\u00e1rdenas. Cuestionado sobre la posibilidad de que su partido forme una coalici\u00f3n con quien por muchas d\u00e9cadas fue su principal oposici\u00f3n, dijo que para el<a class=\"read-more\" href=\"https:\/\/globalnewsmexico.com\/sitio\/pri-no-descarta-alianza-con-el-pan-para-2021\/\">Leer m\u00e1s<\/a><\/p>\n","protected":false},"author":5,"featured_media":44713,"comment_status":"closed","ping_status":"open","sticky":false,"template":"","format":"standard","meta":{"spay_email":"","footnotes":""},"categories":[37,8,40,52],"tags":[],"jetpack_featured_media_url":"https:\/\/i1.wp.com\/globalnewsmexico.com\/sitio\/wp-content\/uploads\/2020\/03\/1088809.jpg?fit=1024%2C683&ssl=1","jetpack_sharing_enabled":true,"jetpack_shortlink":"https:\/\/wp.me\/p9yqPL-bDa","jetpack_likes_enabled":true,"_links":{"self":[{"href":"https:\/\/globalnewsmexico.com\/sitio\/wp-json\/wp\/v2\/posts\/44712"}],"collection":[{"href":"https:\/\/globalnewsmexico.com\/sitio\/wp-json\/wp\/v2\/posts"}],"about":[{"href":"https:\/\/globalnewsmexico.com\/sitio\/wp-json\/wp\/v2\/types\/post"}],"author":[{"embeddable":true,"href":"https:\/\/globalnewsmexico.com\/sitio\/wp-json\/wp\/v2\/users\/5"}],"replies":[{"embeddable":true,"href":"https:\/\/globalnewsmexico.com\/sitio\/wp-json\/wp\/v2\/comments?post=44712"}],"version-history":[{"count":0,"href":"https:\/\/globalnewsmexico.com\/sitio\/wp-json\/wp\/v2\/posts\/44712\/revisions"}],"wp:featuredmedia":[{"embeddable":true,"href":"https:\/\/globalnewsmexico.com\/sitio\/wp-json\/wp\/v2\/media\/44713"}],"wp:attachment":[{"href":"https:\/\/globalnewsmexico.com\/sitio\/wp-json\/wp\/v2\/media?parent=44712"}],"wp:term":[{"taxonomy":"category","embeddable":true,"href":"https:\/\/globalnewsmexico.com\/sitio\/wp-json\/wp\/v2\/categories?post=44712"},{"taxonomy":"post_tag","embeddable":true,"href":"https:\/\/globalnewsmexico.com\/sitio\/wp-json\/wp\/v2\/tags?post=44712"}],"curies":[{"name":"wp","href":"https:\/\/api.w.org\/{rel}","templated":true}]}}