{"id":44734,"date":"2020-03-09T10:48:26","date_gmt":"2020-03-09T16:48:26","guid":{"rendered":"http:\/\/globalnewsmexico.com\/sitio\/?p=44734"},"modified":"2020-03-09T10:48:26","modified_gmt":"2020-03-09T16:48:26","slug":"el-movimiento-feminista-tiene-una-vertiente-que-esta-en-contra-nuestra-amlo","status":"publish","type":"post","link":"https:\/\/globalnewsmexico.com\/sitio\/el-movimiento-feminista-tiene-una-vertiente-que-esta-en-contra-nuestra-amlo\/","title":{"rendered":"El movimiento feminista tiene una vertiente que est\u00e1 en contra nuestra: AMLO"},"content":{"rendered":"<p>El presidente Andr\u00e9s Manuel L\u00f3pez Obrador consider\u00f3 que en el movimiento feminista existen dos vertientes: una que lucha contra los feminicidios y otra que est\u00e1 en contra de su gobierno.<\/p>\n<p>En su conferencia de prensa matutina en Palacio Nacional, el mandatario se\u00f1al\u00f3 que en el primer caso se trata de mujeres que tienen una lucha leg\u00edtima en contra de la violencia de g\u00e9nero.<\/p>\n<p>\u00abPero hay otra vertiente de quienes est\u00e1n en contra nuestra y lo que quieren es que fracase el gobierno, y sobre todo que no pueda consumarse la cuarta transformaci\u00f3n de la vida p\u00fablica del pa\u00eds\u00bb, dijo.<\/p>\n<p>Al referirse a las marchas de mujeres que se llevaron a cabo en la Ciudad de M\u00e9xico y otras partes del pa\u00eds, se\u00f1al\u00f3 que existe \u00abconservadurismo disfrazado de feminismo o de lo que resulte\u00bb.<\/p>\n<p>Al fijar su postura, reproch\u00f3 la cobertura que hicieron los medios de comunicaci\u00f3n a la jornada, porque cuando \u00e9l era oposici\u00f3n no lo hac\u00edan de la misma forma.<\/p>\n<p>Tambi\u00e9n subray\u00f3 que en la manifestaci\u00f3n hubo grupos que quisieron provocar, pero las encargadas de la seguridad resistieron \u00aby no cayeron en la trampa de la violencia\u00bb.<\/p>\n<p>Fuente: Xeu Noticias<\/p>\n","protected":false},"excerpt":{"rendered":"<p>El presidente Andr\u00e9s Manuel L\u00f3pez Obrador consider\u00f3 que en el movimiento feminista existen dos vertientes: una que lucha contra los feminicidios y otra que est\u00e1 en contra de su gobierno. En su conferencia de prensa matutina en Palacio Nacional, el mandatario se\u00f1al\u00f3 que en el primer caso se trata de mujeres que tienen una lucha<a class=\"read-more\" href=\"https:\/\/globalnewsmexico.com\/sitio\/el-movimiento-feminista-tiene-una-vertiente-que-esta-en-contra-nuestra-amlo\/\">Leer m\u00e1s<\/a><\/p>\n","protected":false},"author":5,"featured_media":44737,"comment_status":"closed","ping_status":"open","sticky":false,"template":"","format":"standard","meta":{"spay_email":"","footnotes":""},"categories":[37,8,40,52],"tags":[],"jetpack_featured_media_url":"https:\/\/i1.wp.com\/globalnewsmexico.com\/sitio\/wp-content\/uploads\/2020\/03\/1089056.jpg?fit=1040%2C693&ssl=1","jetpack_sharing_enabled":true,"jetpack_shortlink":"https:\/\/wp.me\/p9yqPL-bDw","jetpack_likes_enabled":true,"_links":{"self":[{"href":"https:\/\/globalnewsmexico.com\/sitio\/wp-json\/wp\/v2\/posts\/44734"}],"collection":[{"href":"https:\/\/globalnewsmexico.com\/sitio\/wp-json\/wp\/v2\/posts"}],"about":[{"href":"https:\/\/globalnewsmexico.com\/sitio\/wp-json\/wp\/v2\/types\/post"}],"author":[{"embeddable":true,"href":"https:\/\/globalnewsmexico.com\/sitio\/wp-json\/wp\/v2\/users\/5"}],"replies":[{"embeddable":true,"href":"https:\/\/globalnewsmexico.com\/sitio\/wp-json\/wp\/v2\/comments?post=44734"}],"version-history":[{"count":0,"href":"https:\/\/globalnewsmexico.com\/sitio\/wp-json\/wp\/v2\/posts\/44734\/revisions"}],"wp:featuredmedia":[{"embeddable":true,"href":"https:\/\/globalnewsmexico.com\/sitio\/wp-json\/wp\/v2\/media\/44737"}],"wp:attachment":[{"href":"https:\/\/globalnewsmexico.com\/sitio\/wp-json\/wp\/v2\/media?parent=44734"}],"wp:term":[{"taxonomy":"category","embeddable":true,"href":"https:\/\/globalnewsmexico.com\/sitio\/wp-json\/wp\/v2\/categories?post=44734"},{"taxonomy":"post_tag","embeddable":true,"href":"https:\/\/globalnewsmexico.com\/sitio\/wp-json\/wp\/v2\/tags?post=44734"}],"curies":[{"name":"wp","href":"https:\/\/api.w.org\/{rel}","templated":true}]}}