{"id":44799,"date":"2020-03-10T13:06:16","date_gmt":"2020-03-10T19:06:16","guid":{"rendered":"http:\/\/globalnewsmexico.com\/sitio\/?p=44799"},"modified":"2020-03-10T13:06:16","modified_gmt":"2020-03-10T19:06:16","slug":"amlo-recibe-a-presidente-de-colombia-en-palacio-nacional","status":"publish","type":"post","link":"https:\/\/globalnewsmexico.com\/sitio\/amlo-recibe-a-presidente-de-colombia-en-palacio-nacional\/","title":{"rendered":"AMLO recibe a presidente de Colombia en Palacio Nacional"},"content":{"rendered":"<p>El presidente Andr\u00e9s Manuel L\u00f3pez Obrador recibi\u00f3 en visita oficial en Palacio Nacional a Iv\u00e1n Duque, presidente de Colombia; la reuni\u00f3n tiene el prop\u00f3sito de reforzar la relaci\u00f3n estrat\u00e9gica con M\u00e9xico.<\/p>\n<p>Cerca del mediod\u00eda, L\u00f3pez Obrador sali\u00f3 a la puerta de honor para encontrarse con Duque y, tras una breve ceremonia en la que se entonaron los himnos de ambas naciones, los presidentes mantienen una reuni\u00f3n privada junto con sus comitivas.<\/p>\n<p>Al concluir las actividades oficiales, se prev\u00e9 que el mandatario colombiano ofrezca una conferencia magistral en el Tec de Monterrey campus Santa Fe.<\/p>\n<p>Asistieron al protocolo de bienvenida por parte de M\u00e9xico: Marcelo Ebrard, secretario de Relaciones Exteriores; Alfonso Durazo Monta\u00f1o, secretario de Seguridad y Protecci\u00f3n Ciudadana; Graciela M\u00e1rquez Col\u00edn, secretaria de Econom\u00eda; Miguel Torruco Marqu\u00e9s, secretario de Turismo; L\u00e1zaro C\u00e1rdenas Batel, coordinador de Asesores de la Presidencia de la Rep\u00fablica; Patricia Galeana Herrera, embajadora de M\u00e9xico en Colombia; Maximiliano Reyes Z\u00fa\u00f1iga, subsecretario para Am\u00e9rica Latina y el Caribe y Francisco Gardu\u00f1o Y\u00e1\u00f1ez, comisionado del Instituto Nacional de Migraci\u00f3n.<\/p>\n<p>Mientras que la comitiva colombiana la integraron: Claudia Blum Capurro, ministra de Relaciones Exteriores; Mar\u00eda Paula Correa Fern\u00e1ndez, jefa de Gabinete; Carlos Holmes Trujillo Garc\u00eda, ministro de Defensa Nacional; Jos\u00e9 Manuel Restrepo Abondano, ministro de Comercio, Industria y Turismo; Patricia C\u00e1rdenas Santamar\u00eda, embajadora de Colombia en M\u00e9xico; Hassan Nassar P\u00e9rez, consejero de Comunicaciones; Juan Francisco Espinosa Palacios, director de Migraci\u00f3n Colombia; Raquel Garavito Chapaval, presidenta del Fondo Nacional de Turismo; Carlos Alberto Cort\u00e9s, jefe de Prensa de la Presidencia de la Rep\u00fablica y Alejandro Salas Pretelt, jefe de Mensajes y Discursos.<\/p>\n<p>Fuente: Milenio<\/p>\n","protected":false},"excerpt":{"rendered":"<p>El presidente Andr\u00e9s Manuel L\u00f3pez Obrador recibi\u00f3 en visita oficial en Palacio Nacional a Iv\u00e1n Duque, presidente de Colombia; la reuni\u00f3n tiene el prop\u00f3sito de reforzar la relaci\u00f3n estrat\u00e9gica con M\u00e9xico. Cerca del mediod\u00eda, L\u00f3pez Obrador sali\u00f3 a la puerta de honor para encontrarse con Duque y, tras una breve ceremonia en la que se<a class=\"read-more\" href=\"https:\/\/globalnewsmexico.com\/sitio\/amlo-recibe-a-presidente-de-colombia-en-palacio-nacional\/\">Leer m\u00e1s<\/a><\/p>\n","protected":false},"author":5,"featured_media":44800,"comment_status":"closed","ping_status":"open","sticky":false,"template":"","format":"standard","meta":{"spay_email":"","footnotes":""},"categories":[37,8,40,52],"tags":[],"jetpack_featured_media_url":"https:\/\/i2.wp.com\/globalnewsmexico.com\/sitio\/wp-content\/uploads\/2020\/03\/presidente-colombia-ivan-duque-visita_0_24_958_596.jpeg?fit=1040%2C647&ssl=1","jetpack_sharing_enabled":true,"jetpack_shortlink":"https:\/\/wp.me\/p9yqPL-bEz","jetpack_likes_enabled":true,"_links":{"self":[{"href":"https:\/\/globalnewsmexico.com\/sitio\/wp-json\/wp\/v2\/posts\/44799"}],"collection":[{"href":"https:\/\/globalnewsmexico.com\/sitio\/wp-json\/wp\/v2\/posts"}],"about":[{"href":"https:\/\/globalnewsmexico.com\/sitio\/wp-json\/wp\/v2\/types\/post"}],"author":[{"embeddable":true,"href":"https:\/\/globalnewsmexico.com\/sitio\/wp-json\/wp\/v2\/users\/5"}],"replies":[{"embeddable":true,"href":"https:\/\/globalnewsmexico.com\/sitio\/wp-json\/wp\/v2\/comments?post=44799"}],"version-history":[{"count":0,"href":"https:\/\/globalnewsmexico.com\/sitio\/wp-json\/wp\/v2\/posts\/44799\/revisions"}],"wp:featuredmedia":[{"embeddable":true,"href":"https:\/\/globalnewsmexico.com\/sitio\/wp-json\/wp\/v2\/media\/44800"}],"wp:attachment":[{"href":"https:\/\/globalnewsmexico.com\/sitio\/wp-json\/wp\/v2\/media?parent=44799"}],"wp:term":[{"taxonomy":"category","embeddable":true,"href":"https:\/\/globalnewsmexico.com\/sitio\/wp-json\/wp\/v2\/categories?post=44799"},{"taxonomy":"post_tag","embeddable":true,"href":"https:\/\/globalnewsmexico.com\/sitio\/wp-json\/wp\/v2\/tags?post=44799"}],"curies":[{"name":"wp","href":"https:\/\/api.w.org\/{rel}","templated":true}]}}