{"id":44891,"date":"2020-03-12T11:57:43","date_gmt":"2020-03-12T17:57:43","guid":{"rendered":"http:\/\/globalnewsmexico.com\/sitio\/?p=44891"},"modified":"2020-03-12T11:57:43","modified_gmt":"2020-03-12T17:57:43","slug":"trailer-se-atora-y-dana-caseta-de-cobro-en-fortin-veracruz","status":"publish","type":"post","link":"https:\/\/globalnewsmexico.com\/sitio\/trailer-se-atora-y-dana-caseta-de-cobro-en-fortin-veracruz\/","title":{"rendered":"Tr\u00e1iler se atora y da\u00f1a caseta de cobro en Fort\u00edn, Veracruz"},"content":{"rendered":"<p>La ma\u00f1ana de este jueves, un tr\u00e1iler qued\u00f3 atorado en uno de los m\u00f3dulos de cobro de la caseta de peaje 045, ubicada en Fort\u00edn de las Flores, Veracruz.<\/p>\n<p>Se trata del cub\u00edculo 2 que se encarga del cobro de los conductores provenientes de C\u00f3rdoba a Orizaba.<\/p>\n<p>De acuerdo con los primeros reportes, el conductor del tr\u00e1iler Freigthliner intentaba pasar en unos de los accesos para continuar su viaje rumbo a Orizaba, pero al parecer el probable exceso de dimensi\u00f3n de la carga hizo que golpeara el m\u00f3dulo en donde se encuentran los empleados.<\/p>\n<p>Afortunadamente no se reportaron lesionados; sin embargo, al no poder avanzar el tr\u00e1iler, el tr\u00e1fico en la v\u00eda r\u00e1pidamente qued\u00f3 obstruido, generando caos vial.<\/p>\n<p>Elementos de Caminos y Puentes Federales (Capufe) abanderaron el sitio, mientras que oficiales de la Polic\u00eda Federal Divisi\u00f3n Caminos levantaron el acta de accidente, para determinar causas y fincar responsabilidades.<\/p>\n<p>El tr\u00e1iler fue trasladado al corral\u00f3n, en donde qued\u00f3 a disposici\u00f3n de la autoridad competente debido a los da\u00f1os ocasionados al cub\u00edculo.<\/p>\n<p>Fuente: El Sol de C\u00f3rdoba<\/p>\n","protected":false},"excerpt":{"rendered":"<p>La ma\u00f1ana de este jueves, un tr\u00e1iler qued\u00f3 atorado en uno de los m\u00f3dulos de cobro de la caseta de peaje 045, ubicada en Fort\u00edn de las Flores, Veracruz. Se trata del cub\u00edculo 2 que se encarga del cobro de los conductores provenientes de C\u00f3rdoba a Orizaba. De acuerdo con los primeros reportes, el conductor<a class=\"read-more\" href=\"https:\/\/globalnewsmexico.com\/sitio\/trailer-se-atora-y-dana-caseta-de-cobro-en-fortin-veracruz\/\">Leer m\u00e1s<\/a><\/p>\n","protected":false},"author":5,"featured_media":44892,"comment_status":"closed","ping_status":"open","sticky":false,"template":"","format":"standard","meta":{"spay_email":"","footnotes":""},"categories":[37,8,50,52],"tags":[],"jetpack_featured_media_url":"https:\/\/i1.wp.com\/globalnewsmexico.com\/sitio\/wp-content\/uploads\/2020\/03\/89835217_2719007388317483_8056509291743412224_o.jpg?fit=1040%2C583&ssl=1","jetpack_sharing_enabled":true,"jetpack_shortlink":"https:\/\/wp.me\/p9yqPL-bG3","jetpack_likes_enabled":true,"_links":{"self":[{"href":"https:\/\/globalnewsmexico.com\/sitio\/wp-json\/wp\/v2\/posts\/44891"}],"collection":[{"href":"https:\/\/globalnewsmexico.com\/sitio\/wp-json\/wp\/v2\/posts"}],"about":[{"href":"https:\/\/globalnewsmexico.com\/sitio\/wp-json\/wp\/v2\/types\/post"}],"author":[{"embeddable":true,"href":"https:\/\/globalnewsmexico.com\/sitio\/wp-json\/wp\/v2\/users\/5"}],"replies":[{"embeddable":true,"href":"https:\/\/globalnewsmexico.com\/sitio\/wp-json\/wp\/v2\/comments?post=44891"}],"version-history":[{"count":0,"href":"https:\/\/globalnewsmexico.com\/sitio\/wp-json\/wp\/v2\/posts\/44891\/revisions"}],"wp:featuredmedia":[{"embeddable":true,"href":"https:\/\/globalnewsmexico.com\/sitio\/wp-json\/wp\/v2\/media\/44892"}],"wp:attachment":[{"href":"https:\/\/globalnewsmexico.com\/sitio\/wp-json\/wp\/v2\/media?parent=44891"}],"wp:term":[{"taxonomy":"category","embeddable":true,"href":"https:\/\/globalnewsmexico.com\/sitio\/wp-json\/wp\/v2\/categories?post=44891"},{"taxonomy":"post_tag","embeddable":true,"href":"https:\/\/globalnewsmexico.com\/sitio\/wp-json\/wp\/v2\/tags?post=44891"}],"curies":[{"name":"wp","href":"https:\/\/api.w.org\/{rel}","templated":true}]}}