{"id":44904,"date":"2020-03-12T13:24:37","date_gmt":"2020-03-12T19:24:37","guid":{"rendered":"http:\/\/globalnewsmexico.com\/sitio\/?p=44904"},"modified":"2020-03-12T13:24:37","modified_gmt":"2020-03-12T19:24:37","slug":"trudeau-y-su-esposa-inician-cuarentena-por-sintomas-de-resfriado","status":"publish","type":"post","link":"https:\/\/globalnewsmexico.com\/sitio\/trudeau-y-su-esposa-inician-cuarentena-por-sintomas-de-resfriado\/","title":{"rendered":"Trudeau y su esposa inician cuarentena por s\u00edntomas de resfriado"},"content":{"rendered":"<p>El primer ministro de Canad\u00e1, Justin Trudeau, y su esposa iniciaron hoy una cuarentena voluntaria, luego de que ella presentara s\u00edntomas parecidos un resfriado.<\/p>\n<p>La oficina del gobernante inform\u00f3 que Sophie Gr\u00e9goire Trudeau regres\u00f3 anoche de un compromiso donde dar\u00eda una charla en Gran Breta\u00f1a y ten\u00eda un poco de fiebre. Ya se le realiz\u00f3 la prueba para detectar si es positivo a Covid-19 y est\u00e1n a la espera de resultados.<\/p>\n<p>\u201cComo medida de precauci\u00f3n, el primer ministro decidi\u00f3 aislarse y trabajar desde casa hasta recibir los resultados de Sophie\u201d, indic\u00f3 el comunicado.<\/p>\n<p>La oficina de Trudeau dijo que el m\u00e9dico aconsej\u00f3 al primer ministro continuar con sus actividades diarias mientras \u00e9l mismo est\u00e9 atento a su estado de salud, dado que \u00e9l no presenta s\u00edntomas.<\/p>\n<p>Trudeau pasar\u00e1 los d\u00edas en sesiones informativas, llamadas telef\u00f3nicas y reuniones virtuales desde su casa, incluyendo hablar con otros l\u00edderes mundiales y con un comit\u00e9 especial de su gabinete sobre el tema.<\/p>\n<p>Tambi\u00e9n cancel\u00f3 una reuni\u00f3n en persona con los primeros ministros provinciales de Canad\u00e1.<\/p>\n<p>Fuente: Agencias<\/p>\n","protected":false},"excerpt":{"rendered":"<p>El primer ministro de Canad\u00e1, Justin Trudeau, y su esposa iniciaron hoy una cuarentena voluntaria, luego de que ella presentara s\u00edntomas parecidos un resfriado. La oficina del gobernante inform\u00f3 que Sophie Gr\u00e9goire Trudeau regres\u00f3 anoche de un compromiso donde dar\u00eda una charla en Gran Breta\u00f1a y ten\u00eda un poco de fiebre. Ya se le realiz\u00f3<a class=\"read-more\" href=\"https:\/\/globalnewsmexico.com\/sitio\/trudeau-y-su-esposa-inician-cuarentena-por-sintomas-de-resfriado\/\">Leer m\u00e1s<\/a><\/p>\n","protected":false},"author":5,"featured_media":44905,"comment_status":"closed","ping_status":"open","sticky":false,"template":"","format":"standard","meta":{"spay_email":"","footnotes":""},"categories":[37,8,48,52],"tags":[],"jetpack_featured_media_url":"https:\/\/i2.wp.com\/globalnewsmexico.com\/sitio\/wp-content\/uploads\/2020\/03\/1584040471_justin_trudeau_y_su_esposa_en_aislamiento_por_coronavirus.jpg_793492074.jpg?fit=1040%2C654&ssl=1","jetpack_sharing_enabled":true,"jetpack_shortlink":"https:\/\/wp.me\/p9yqPL-bGg","jetpack_likes_enabled":true,"_links":{"self":[{"href":"https:\/\/globalnewsmexico.com\/sitio\/wp-json\/wp\/v2\/posts\/44904"}],"collection":[{"href":"https:\/\/globalnewsmexico.com\/sitio\/wp-json\/wp\/v2\/posts"}],"about":[{"href":"https:\/\/globalnewsmexico.com\/sitio\/wp-json\/wp\/v2\/types\/post"}],"author":[{"embeddable":true,"href":"https:\/\/globalnewsmexico.com\/sitio\/wp-json\/wp\/v2\/users\/5"}],"replies":[{"embeddable":true,"href":"https:\/\/globalnewsmexico.com\/sitio\/wp-json\/wp\/v2\/comments?post=44904"}],"version-history":[{"count":0,"href":"https:\/\/globalnewsmexico.com\/sitio\/wp-json\/wp\/v2\/posts\/44904\/revisions"}],"wp:featuredmedia":[{"embeddable":true,"href":"https:\/\/globalnewsmexico.com\/sitio\/wp-json\/wp\/v2\/media\/44905"}],"wp:attachment":[{"href":"https:\/\/globalnewsmexico.com\/sitio\/wp-json\/wp\/v2\/media?parent=44904"}],"wp:term":[{"taxonomy":"category","embeddable":true,"href":"https:\/\/globalnewsmexico.com\/sitio\/wp-json\/wp\/v2\/categories?post=44904"},{"taxonomy":"post_tag","embeddable":true,"href":"https:\/\/globalnewsmexico.com\/sitio\/wp-json\/wp\/v2\/tags?post=44904"}],"curies":[{"name":"wp","href":"https:\/\/api.w.org\/{rel}","templated":true}]}}