{"id":44949,"date":"2020-03-13T12:26:51","date_gmt":"2020-03-13T18:26:51","guid":{"rendered":"http:\/\/globalnewsmexico.com\/sitio\/?p=44949"},"modified":"2020-03-13T12:26:51","modified_gmt":"2020-03-13T18:26:51","slug":"espana-declara-estado-de-emergencia-por-coronavirus","status":"publish","type":"post","link":"https:\/\/globalnewsmexico.com\/sitio\/espana-declara-estado-de-emergencia-por-coronavirus\/","title":{"rendered":"Espa\u00f1a declara estado de emergencia por coronavirus"},"content":{"rendered":"<p>Espa\u00f1a declar\u00f3 este viernes el estado de emergencia por el brote de coronavirus, inform\u00f3 el presidente Pedro S\u00e1nchez.<\/p>\n<p>\u00abAcabo de comunicar al jefe del Estado la celebraci\u00f3n ma\u00f1ana de un Consejo de Ministros, para decretar estado de alarma en toda Espa\u00f1a durante los pr\u00f3ximos 15 d\u00edas\u00bb, dijo desde el Palacio de la Moncloa.<\/p>\n<p>S\u00e1nchez puntualiz\u00f3 que el prop\u00f3sito de esta declaratoria, ser\u00e1 proteger a los ciudadanos \u00abcon las medidas adecuadas para frenar la pandemia\u00bb.<\/p>\n<p>Posteriormente, el mandatario se\u00f1al\u00f3 que los ministros tomar\u00e1n un conjunto de decisiones extraordinarias.<\/p>\n<p>\u00abEn la reuni\u00f3n prevista para ma\u00f1ana, el Consejo de Ministros extraordinario adaptar\u00e1 un conjunto de decisiones excepcionales al amparo de la declaraci\u00f3n del estado de alarma que se va a decretar ma\u00f1ana\u00bb, expuso.<\/p>\n<p>La naci\u00f3n europea tiene 3 mil 800 positivos de Covid-19, la enfermedad causada por el virus, con al menos 84 fallecidos.<\/p>\n<p>Anteriormente, el Gobierno cerr\u00f3 museos y centros deportivos, envi\u00f3 a casa a cerca de 10 millones de estudiantes y ha pedido que, siempre que sea posible, se trabaje desde casa.<\/p>\n<p>Adem\u00e1s, en las zonas de alto riesgo se limitaron los eventos p\u00fablicos en un esfuerzo por contener el virus.<\/p>\n<p>Fuente: Agencias<\/p>\n","protected":false},"excerpt":{"rendered":"<p>Espa\u00f1a declar\u00f3 este viernes el estado de emergencia por el brote de coronavirus, inform\u00f3 el presidente Pedro S\u00e1nchez. \u00abAcabo de comunicar al jefe del Estado la celebraci\u00f3n ma\u00f1ana de un Consejo de Ministros, para decretar estado de alarma en toda Espa\u00f1a durante los pr\u00f3ximos 15 d\u00edas\u00bb, dijo desde el Palacio de la Moncloa. S\u00e1nchez puntualiz\u00f3<a class=\"read-more\" href=\"https:\/\/globalnewsmexico.com\/sitio\/espana-declara-estado-de-emergencia-por-coronavirus\/\">Leer m\u00e1s<\/a><\/p>\n","protected":false},"author":5,"featured_media":44951,"comment_status":"closed","ping_status":"open","sticky":false,"template":"","format":"standard","meta":{"spay_email":"","footnotes":""},"categories":[37,8,48,52],"tags":[],"jetpack_featured_media_url":"https:\/\/i0.wp.com\/globalnewsmexico.com\/sitio\/wp-content\/uploads\/2020\/03\/Captura-6.jpg?fit=1040%2C606&ssl=1","jetpack_sharing_enabled":true,"jetpack_shortlink":"https:\/\/wp.me\/p9yqPL-bGZ","jetpack_likes_enabled":true,"_links":{"self":[{"href":"https:\/\/globalnewsmexico.com\/sitio\/wp-json\/wp\/v2\/posts\/44949"}],"collection":[{"href":"https:\/\/globalnewsmexico.com\/sitio\/wp-json\/wp\/v2\/posts"}],"about":[{"href":"https:\/\/globalnewsmexico.com\/sitio\/wp-json\/wp\/v2\/types\/post"}],"author":[{"embeddable":true,"href":"https:\/\/globalnewsmexico.com\/sitio\/wp-json\/wp\/v2\/users\/5"}],"replies":[{"embeddable":true,"href":"https:\/\/globalnewsmexico.com\/sitio\/wp-json\/wp\/v2\/comments?post=44949"}],"version-history":[{"count":0,"href":"https:\/\/globalnewsmexico.com\/sitio\/wp-json\/wp\/v2\/posts\/44949\/revisions"}],"wp:featuredmedia":[{"embeddable":true,"href":"https:\/\/globalnewsmexico.com\/sitio\/wp-json\/wp\/v2\/media\/44951"}],"wp:attachment":[{"href":"https:\/\/globalnewsmexico.com\/sitio\/wp-json\/wp\/v2\/media?parent=44949"}],"wp:term":[{"taxonomy":"category","embeddable":true,"href":"https:\/\/globalnewsmexico.com\/sitio\/wp-json\/wp\/v2\/categories?post=44949"},{"taxonomy":"post_tag","embeddable":true,"href":"https:\/\/globalnewsmexico.com\/sitio\/wp-json\/wp\/v2\/tags?post=44949"}],"curies":[{"name":"wp","href":"https:\/\/api.w.org\/{rel}","templated":true}]}}