{"id":44974,"date":"2020-03-14T09:58:38","date_gmt":"2020-03-14T15:58:38","guid":{"rendered":"http:\/\/globalnewsmexico.com\/sitio\/?p=44974"},"modified":"2020-03-14T09:58:38","modified_gmt":"2020-03-14T15:58:38","slug":"colombia-cierra-frontera-con-venezuela-por-coronavirus","status":"publish","type":"post","link":"https:\/\/globalnewsmexico.com\/sitio\/colombia-cierra-frontera-con-venezuela-por-coronavirus\/","title":{"rendered":"Colombia cierra frontera con Venezuela por coronavirus"},"content":{"rendered":"<p>El presidente de Colombia, Iv\u00e1n Duque, anunci\u00f3 a partir de este s\u00e1bado el cierre de los siete pasos fronterizos con Venezuela, con el objetivo de tratar de detener la propagaci\u00f3n del coronavirus en el pa\u00eds.<\/p>\n<p>Duque explic\u00f3 que las acciones se toman luego de analizar un conjunto de decisiones internacionales ante la epidemia de Covid-19, que ha causado la muerte de unas 5 mil 400 personas y m\u00e1s de 140 mil infectados en el mundo.<\/p>\n<p>Duque se\u00f1al\u00f3 tambi\u00e9n que a partir del pr\u00f3ximo lunes se restringe el ingreso al pa\u00eds a los extranjeros que, en los \u00faltimos 14 d\u00edas, hayan estado en Europa o Asia. \u201cLos colombianos y residentes que hayan estado en esos lugares, se someter\u00e1n a aislamiento preventivo obligatorio\u201d.<\/p>\n<p>En este sentido, la ministra de Transporte, \u00c1ngela Mar\u00eda Orozco, se\u00f1al\u00f3 que se reforzar\u00e1n todos los controles para garantizar la aplicaci\u00f3n de la medida. \u00abDe no cumplirse, est\u00e1n sujetos a sanciones por parte del Ministerio de Salud\u00bb, advirti\u00f3.<\/p>\n<p>Las medidas anunciadas por el presidente Iv\u00e1n Duque se producen luego de que el viernes, el ministro de Salud, Fernando Ru\u00edz, confirmara siete nuevos casos de coronavirus en el pa\u00eds.<\/p>\n<p>Con estos nuevos casos, la cifra de infectados de Covid-19 se elev\u00f3 a 16 (seis en Bogot\u00e1, cuatro en Medell\u00edn, dos en Neiva, uno en Buga, uno en Cartagena, uno en Meta y uno en Palmira).<\/p>\n<p>Fuente: Agencias<\/p>\n","protected":false},"excerpt":{"rendered":"<p>El presidente de Colombia, Iv\u00e1n Duque, anunci\u00f3 a partir de este s\u00e1bado el cierre de los siete pasos fronterizos con Venezuela, con el objetivo de tratar de detener la propagaci\u00f3n del coronavirus en el pa\u00eds. Duque explic\u00f3 que las acciones se toman luego de analizar un conjunto de decisiones internacionales ante la epidemia de Covid-19,<a class=\"read-more\" href=\"https:\/\/globalnewsmexico.com\/sitio\/colombia-cierra-frontera-con-venezuela-por-coronavirus\/\">Leer m\u00e1s<\/a><\/p>\n","protected":false},"author":5,"featured_media":44975,"comment_status":"closed","ping_status":"open","sticky":false,"template":"","format":"standard","meta":{"spay_email":"","footnotes":""},"categories":[37,8,48,52],"tags":[],"jetpack_featured_media_url":"https:\/\/i2.wp.com\/globalnewsmexico.com\/sitio\/wp-content\/uploads\/2020\/03\/1090021.jpg?fit=1024%2C589&ssl=1","jetpack_sharing_enabled":true,"jetpack_shortlink":"https:\/\/wp.me\/p9yqPL-bHo","jetpack_likes_enabled":true,"_links":{"self":[{"href":"https:\/\/globalnewsmexico.com\/sitio\/wp-json\/wp\/v2\/posts\/44974"}],"collection":[{"href":"https:\/\/globalnewsmexico.com\/sitio\/wp-json\/wp\/v2\/posts"}],"about":[{"href":"https:\/\/globalnewsmexico.com\/sitio\/wp-json\/wp\/v2\/types\/post"}],"author":[{"embeddable":true,"href":"https:\/\/globalnewsmexico.com\/sitio\/wp-json\/wp\/v2\/users\/5"}],"replies":[{"embeddable":true,"href":"https:\/\/globalnewsmexico.com\/sitio\/wp-json\/wp\/v2\/comments?post=44974"}],"version-history":[{"count":0,"href":"https:\/\/globalnewsmexico.com\/sitio\/wp-json\/wp\/v2\/posts\/44974\/revisions"}],"wp:featuredmedia":[{"embeddable":true,"href":"https:\/\/globalnewsmexico.com\/sitio\/wp-json\/wp\/v2\/media\/44975"}],"wp:attachment":[{"href":"https:\/\/globalnewsmexico.com\/sitio\/wp-json\/wp\/v2\/media?parent=44974"}],"wp:term":[{"taxonomy":"category","embeddable":true,"href":"https:\/\/globalnewsmexico.com\/sitio\/wp-json\/wp\/v2\/categories?post=44974"},{"taxonomy":"post_tag","embeddable":true,"href":"https:\/\/globalnewsmexico.com\/sitio\/wp-json\/wp\/v2\/tags?post=44974"}],"curies":[{"name":"wp","href":"https:\/\/api.w.org\/{rel}","templated":true}]}}