{"id":45026,"date":"2020-03-16T10:32:24","date_gmt":"2020-03-16T16:32:24","guid":{"rendered":"http:\/\/globalnewsmexico.com\/sitio\/?p=45026"},"modified":"2020-03-16T10:32:24","modified_gmt":"2020-03-16T16:32:24","slug":"desmiente-amlo-fallecimiento-del-empresario-jose-kuri","status":"publish","type":"post","link":"https:\/\/globalnewsmexico.com\/sitio\/desmiente-amlo-fallecimiento-del-empresario-jose-kuri\/","title":{"rendered":"Desmiente AMLO fallecimiento del empresario Jos\u00e9 Kuri"},"content":{"rendered":"<p>El presidente Andr\u00e9s Manuel L\u00f3pez Obrador desminti\u00f3 la muerte del empresario Jos\u00e9 Kuri, quien se encuentra grave, afectado por coronavirus.<\/p>\n<p>\u201cAfortunadamente el se\u00f1or no ha fallecido y le deseo que no le pase nada, como le deseo a todos los mexicanos, que no suframos, que no padezcamos, que salgamos adelante ante cualquier adversidad\u201d, se\u00f1al\u00f3.<\/p>\n<p>Por otro lado, dijo estar dispuesto a hacerse la prueba del coronavirus, si as\u00ed se lo recomiendan las autoridades de salud, ya que \u00e9l est\u00e1 ajustado al protocolo.<\/p>\n<p>Fuente: Notisistema<\/p>\n","protected":false},"excerpt":{"rendered":"<p>El presidente Andr\u00e9s Manuel L\u00f3pez Obrador desminti\u00f3 la muerte del empresario Jos\u00e9 Kuri, quien se encuentra grave, afectado por coronavirus. \u201cAfortunadamente el se\u00f1or no ha fallecido y le deseo que no le pase nada, como le deseo a todos los mexicanos, que no suframos, que no padezcamos, que salgamos adelante ante cualquier adversidad\u201d, se\u00f1al\u00f3. Por<a class=\"read-more\" href=\"https:\/\/globalnewsmexico.com\/sitio\/desmiente-amlo-fallecimiento-del-empresario-jose-kuri\/\">Leer m\u00e1s<\/a><\/p>\n","protected":false},"author":5,"featured_media":45027,"comment_status":"closed","ping_status":"open","sticky":false,"template":"","format":"standard","meta":{"spay_email":"","footnotes":""},"categories":[37,8,40,52],"tags":[],"jetpack_featured_media_url":"https:\/\/i1.wp.com\/globalnewsmexico.com\/sitio\/wp-content\/uploads\/2020\/03\/obrador-lopez-610x389.jpg?fit=1040%2C663&ssl=1","jetpack_sharing_enabled":true,"jetpack_shortlink":"https:\/\/wp.me\/p9yqPL-bIe","jetpack_likes_enabled":true,"_links":{"self":[{"href":"https:\/\/globalnewsmexico.com\/sitio\/wp-json\/wp\/v2\/posts\/45026"}],"collection":[{"href":"https:\/\/globalnewsmexico.com\/sitio\/wp-json\/wp\/v2\/posts"}],"about":[{"href":"https:\/\/globalnewsmexico.com\/sitio\/wp-json\/wp\/v2\/types\/post"}],"author":[{"embeddable":true,"href":"https:\/\/globalnewsmexico.com\/sitio\/wp-json\/wp\/v2\/users\/5"}],"replies":[{"embeddable":true,"href":"https:\/\/globalnewsmexico.com\/sitio\/wp-json\/wp\/v2\/comments?post=45026"}],"version-history":[{"count":0,"href":"https:\/\/globalnewsmexico.com\/sitio\/wp-json\/wp\/v2\/posts\/45026\/revisions"}],"wp:featuredmedia":[{"embeddable":true,"href":"https:\/\/globalnewsmexico.com\/sitio\/wp-json\/wp\/v2\/media\/45027"}],"wp:attachment":[{"href":"https:\/\/globalnewsmexico.com\/sitio\/wp-json\/wp\/v2\/media?parent=45026"}],"wp:term":[{"taxonomy":"category","embeddable":true,"href":"https:\/\/globalnewsmexico.com\/sitio\/wp-json\/wp\/v2\/categories?post=45026"},{"taxonomy":"post_tag","embeddable":true,"href":"https:\/\/globalnewsmexico.com\/sitio\/wp-json\/wp\/v2\/tags?post=45026"}],"curies":[{"name":"wp","href":"https:\/\/api.w.org\/{rel}","templated":true}]}}