{"id":45121,"date":"2020-03-18T11:25:35","date_gmt":"2020-03-18T17:25:35","guid":{"rendered":"http:\/\/globalnewsmexico.com\/sitio\/?p=45121"},"modified":"2020-03-18T11:25:35","modified_gmt":"2020-03-18T17:25:35","slug":"sedena-ayudara-a-construir-2-tramos-del-tren-maya-tras-concluir-santa-lucia-amlo","status":"publish","type":"post","link":"https:\/\/globalnewsmexico.com\/sitio\/sedena-ayudara-a-construir-2-tramos-del-tren-maya-tras-concluir-santa-lucia-amlo\/","title":{"rendered":"Sedena ayudar\u00e1 a construir 2 tramos del Tren Maya, tras concluir Santa Luc\u00eda: AMLO"},"content":{"rendered":"<p>El presidente Andr\u00e9s Manuel L\u00f3pez Obrador inform\u00f3 que ingenieros militares de la Secretar\u00eda de la Defensa Nacional (Sedena) ayudar\u00e1n a construir dos tramos del Tren Maya.<\/p>\n<p>\u00abLes voy a decir que ya tenemos el compromiso, que van a terminar el 21 de marzo y nos van a ayudar a construir dos tramos del Tren Maya para que en el 2023 tengamos los 2 mil 550 kil\u00f3metros del Tren Maya\u00bb, afirm\u00f3 en conferencia matutina.<\/p>\n<p>Agradeci\u00f3 el apoyo de la Sedena en las obras del aeropuerto en Santa Luc\u00eda, pues destac\u00f3 que su gobierno requiere de instituciones s\u00f3lidas y profesionales que trabajen con disciplina. <\/p>\n<p>\u00abLe agradezco mucho el apoyo a la Sedena por su apoyo porque un jefe de Estado toma decisiones, pero llevar a la pr\u00e1ctica, ejecutar, requiere de instituciones s\u00f3lidas con profesionalismo y disciplina, y eso es el Ej\u00e9rcito, en este caso los ingenieros militares que trabajan d\u00eda y noche\u00bb, coment\u00f3.<\/p>\n<p>El presidente destac\u00f3 que el programa m\u00e1s querido y aceptado por los mexicanos es el Plan DN-III, pues los elementos de las fuerzas armadas \u00abson los primeros en llegar a los desastres, tragedias\u00bb.<\/p>\n<p>Fuente: Milenio<\/p>\n","protected":false},"excerpt":{"rendered":"<p>El presidente Andr\u00e9s Manuel L\u00f3pez Obrador inform\u00f3 que ingenieros militares de la Secretar\u00eda de la Defensa Nacional (Sedena) ayudar\u00e1n a construir dos tramos del Tren Maya. \u00abLes voy a decir que ya tenemos el compromiso, que van a terminar el 21 de marzo y nos van a ayudar a construir dos tramos del Tren Maya<a class=\"read-more\" href=\"https:\/\/globalnewsmexico.com\/sitio\/sedena-ayudara-a-construir-2-tramos-del-tren-maya-tras-concluir-santa-lucia-amlo\/\">Leer m\u00e1s<\/a><\/p>\n","protected":false},"author":5,"featured_media":45122,"comment_status":"closed","ping_status":"open","sticky":false,"template":"","format":"standard","meta":{"spay_email":"","footnotes":""},"categories":[37,8,40,52],"tags":[],"jetpack_featured_media_url":"https:\/\/i0.wp.com\/globalnewsmexico.com\/sitio\/wp-content\/uploads\/2020\/03\/ingenieros-militares-construiran-tramos-tren_0_21_958_596.jpeg?fit=1040%2C647&ssl=1","jetpack_sharing_enabled":true,"jetpack_shortlink":"https:\/\/wp.me\/p9yqPL-bJL","jetpack_likes_enabled":true,"_links":{"self":[{"href":"https:\/\/globalnewsmexico.com\/sitio\/wp-json\/wp\/v2\/posts\/45121"}],"collection":[{"href":"https:\/\/globalnewsmexico.com\/sitio\/wp-json\/wp\/v2\/posts"}],"about":[{"href":"https:\/\/globalnewsmexico.com\/sitio\/wp-json\/wp\/v2\/types\/post"}],"author":[{"embeddable":true,"href":"https:\/\/globalnewsmexico.com\/sitio\/wp-json\/wp\/v2\/users\/5"}],"replies":[{"embeddable":true,"href":"https:\/\/globalnewsmexico.com\/sitio\/wp-json\/wp\/v2\/comments?post=45121"}],"version-history":[{"count":0,"href":"https:\/\/globalnewsmexico.com\/sitio\/wp-json\/wp\/v2\/posts\/45121\/revisions"}],"wp:featuredmedia":[{"embeddable":true,"href":"https:\/\/globalnewsmexico.com\/sitio\/wp-json\/wp\/v2\/media\/45122"}],"wp:attachment":[{"href":"https:\/\/globalnewsmexico.com\/sitio\/wp-json\/wp\/v2\/media?parent=45121"}],"wp:term":[{"taxonomy":"category","embeddable":true,"href":"https:\/\/globalnewsmexico.com\/sitio\/wp-json\/wp\/v2\/categories?post=45121"},{"taxonomy":"post_tag","embeddable":true,"href":"https:\/\/globalnewsmexico.com\/sitio\/wp-json\/wp\/v2\/tags?post=45121"}],"curies":[{"name":"wp","href":"https:\/\/api.w.org\/{rel}","templated":true}]}}