{"id":45129,"date":"2020-03-18T12:16:29","date_gmt":"2020-03-18T18:16:29","guid":{"rendered":"http:\/\/globalnewsmexico.com\/sitio\/?p=45129"},"modified":"2020-03-18T12:16:29","modified_gmt":"2020-03-18T18:16:29","slug":"pago-de-pension-a-adultos-mayores-se-adelantara-por-coronavirus","status":"publish","type":"post","link":"https:\/\/globalnewsmexico.com\/sitio\/pago-de-pension-a-adultos-mayores-se-adelantara-por-coronavirus\/","title":{"rendered":"Pago de pensi\u00f3n a adultos mayores se adelantar\u00e1 por coronavirus"},"content":{"rendered":"<p>El presidente Andr\u00e9s Manuel L\u00f3pez Obrador afirm\u00f3 que ante el brote de coronavirus Covid-19 en M\u00e9xico, se adelantar\u00e1 el pago de la pensi\u00f3n a los adultos mayores a partir de esta semana, es decir, los beneficiarios recibir\u00e1n el equivalente a cuatro meses. <\/p>\n<p>Por lo que les pidi\u00f3 administrar el dinero que reciban, pues en lugar de tener un dep\u00f3sito de 2 mil 620 pesos bimestrales, ser\u00e1 de 5 mil 240 pesos, lo que significa un gasto para la federaci\u00f3n de 41 mil 920 millones de pesos, tomando en cuenta que el padr\u00f3n de beneficiarios es de 8 millones, aproximadamente.<\/p>\n<p>\u00abEsto lo informo tambi\u00e9n para que el adulto mayor sepa que lo que tienen en su cuenta en vez de recibir 2 mil 620 van a recibir el doble, porque consideren que estamos incluyendo dos bimestres y ya ellos son gente muy responsable, pero no est\u00e1 de m\u00e1s decirles que administren bien. Esto va a significar ayudar de inmediato\u00bb, detall\u00f3 en conferencia matutina.<\/p>\n<p>Adem\u00e1s, dijo sin dar detalles que otra de las medidas planteadas es apoyar a las empresas privadas. Y asegur\u00f3 que su gobierno no expondr\u00e1 a los adultos mayores ante contagios y que respaldar\u00e1 a quienes dependen de sus trabajos cotidianos. <\/p>\n<p>\u00abNo podemos nosotros exponerlos, tenemos que defender esa econom\u00eda. Con todo respeto, se van los diputados, se van los senadores, pues no hay problema, pero toda la gente, los que trabajan que viven de la actividad econ\u00f3mica de lo que consiguen diariamente, tenemos que cuidar eso\u00bb, a\u00f1adi\u00f3.<\/p>\n<p>Fuente: Milenio<\/p>\n","protected":false},"excerpt":{"rendered":"<p>El presidente Andr\u00e9s Manuel L\u00f3pez Obrador afirm\u00f3 que ante el brote de coronavirus Covid-19 en M\u00e9xico, se adelantar\u00e1 el pago de la pensi\u00f3n a los adultos mayores a partir de esta semana, es decir, los beneficiarios recibir\u00e1n el equivalente a cuatro meses. Por lo que les pidi\u00f3 administrar el dinero que reciban, pues en lugar<a class=\"read-more\" href=\"https:\/\/globalnewsmexico.com\/sitio\/pago-de-pension-a-adultos-mayores-se-adelantara-por-coronavirus\/\">Leer m\u00e1s<\/a><\/p>\n","protected":false},"author":5,"featured_media":15515,"comment_status":"closed","ping_status":"open","sticky":false,"template":"","format":"standard","meta":{"spay_email":"","footnotes":""},"categories":[37,8,40,52],"tags":[],"jetpack_featured_media_url":"https:\/\/i1.wp.com\/globalnewsmexico.com\/sitio\/wp-content\/uploads\/2018\/09\/0805_adultos-mayores_620x350.jpg?fit=1200%2C677&ssl=1","jetpack_sharing_enabled":true,"jetpack_shortlink":"https:\/\/wp.me\/p9yqPL-bJT","jetpack_likes_enabled":true,"_links":{"self":[{"href":"https:\/\/globalnewsmexico.com\/sitio\/wp-json\/wp\/v2\/posts\/45129"}],"collection":[{"href":"https:\/\/globalnewsmexico.com\/sitio\/wp-json\/wp\/v2\/posts"}],"about":[{"href":"https:\/\/globalnewsmexico.com\/sitio\/wp-json\/wp\/v2\/types\/post"}],"author":[{"embeddable":true,"href":"https:\/\/globalnewsmexico.com\/sitio\/wp-json\/wp\/v2\/users\/5"}],"replies":[{"embeddable":true,"href":"https:\/\/globalnewsmexico.com\/sitio\/wp-json\/wp\/v2\/comments?post=45129"}],"version-history":[{"count":0,"href":"https:\/\/globalnewsmexico.com\/sitio\/wp-json\/wp\/v2\/posts\/45129\/revisions"}],"wp:featuredmedia":[{"embeddable":true,"href":"https:\/\/globalnewsmexico.com\/sitio\/wp-json\/wp\/v2\/media\/15515"}],"wp:attachment":[{"href":"https:\/\/globalnewsmexico.com\/sitio\/wp-json\/wp\/v2\/media?parent=45129"}],"wp:term":[{"taxonomy":"category","embeddable":true,"href":"https:\/\/globalnewsmexico.com\/sitio\/wp-json\/wp\/v2\/categories?post=45129"},{"taxonomy":"post_tag","embeddable":true,"href":"https:\/\/globalnewsmexico.com\/sitio\/wp-json\/wp\/v2\/tags?post=45129"}],"curies":[{"name":"wp","href":"https:\/\/api.w.org\/{rel}","templated":true}]}}