{"id":45159,"date":"2020-03-19T11:45:57","date_gmt":"2020-03-19T17:45:57","guid":{"rendered":"http:\/\/globalnewsmexico.com\/sitio\/?p=45159"},"modified":"2020-03-19T11:45:57","modified_gmt":"2020-03-19T17:45:57","slug":"por-coronavirus-hay-26-mexicanos-varados-en-crucero-en-argentina","status":"publish","type":"post","link":"https:\/\/globalnewsmexico.com\/sitio\/por-coronavirus-hay-26-mexicanos-varados-en-crucero-en-argentina\/","title":{"rendered":"Por coronavirus, hay 26 mexicanos varados en crucero en Argentina"},"content":{"rendered":"<p>Hay 26 mexicanos varados en Puerto Madero de Argentina, que no han podido bajar de un buque y piden apoyo al Gobierno para poder regresar al pa\u00eds.<\/p>\n<p>Hugo Herrasti, uno de los pasajeros del barco Coral Princess, narr\u00f3 que el crucero zarp\u00f3 hace 14 d\u00edas de San Antoui, Chile y conclu\u00eda en Argentina.<\/p>\n<p>A consecuencia de la contingencia por el Covid-19 les negaron atracar en varios puertos, y finalmente el mi\u00e9rcoles a medianoche recibieron la autorizaci\u00f3n de hacerlo en Puerto Madero.<\/p>\n<p>Ah\u00ed les informaron que la condici\u00f3n era que primero bajar\u00edan los argentinos y el resto de personas podr\u00edan hacerlo a las 7:00 de la ma\u00f1ana para ser trasladados a un hotel, en donde estar\u00edan encerrados.<\/p>\n<p>Conforme pasaron las horas les indicaron que podr\u00edan salir de la embarcaci\u00f3n siempre y cuando tuvieran un vuelo porque ser\u00edan \u00abescoltados\u00bb al aeropuerto para que regresaran a su lugar de origen. Sin embargo el tiempo apremia y algunos de ellos ya han perdido su vuelo.<\/p>\n<p>En un inicio, la mayor\u00eda hab\u00eda comprado su traslado con Aerom\u00e9xico para el 2 de abril, pero la compa\u00f1\u00eda les cancel\u00f3 y no se ha hecho responsable de darles una soluci\u00f3n, se\u00f1al\u00f3.<\/p>\n<p>Han tenido comunicaci\u00f3n con un enlace de la Embajada de M\u00e9xico en Argentina, pero hasta el momento no les han ayudado a encontrar una soluci\u00f3n.<\/p>\n<p>Puntualiz\u00f3 que todos los tripulantes han sido revisados y no se ha encontrado ning\u00fan caso de coronavirus o enfermedad que pudiera afectar el proceso.<\/p>\n<p>Fuente: Agencias<\/p>\n","protected":false},"excerpt":{"rendered":"<p>Hay 26 mexicanos varados en Puerto Madero de Argentina, que no han podido bajar de un buque y piden apoyo al Gobierno para poder regresar al pa\u00eds. Hugo Herrasti, uno de los pasajeros del barco Coral Princess, narr\u00f3 que el crucero zarp\u00f3 hace 14 d\u00edas de San Antoui, Chile y conclu\u00eda en Argentina. A consecuencia<a class=\"read-more\" href=\"https:\/\/globalnewsmexico.com\/sitio\/por-coronavirus-hay-26-mexicanos-varados-en-crucero-en-argentina\/\">Leer m\u00e1s<\/a><\/p>\n","protected":false},"author":5,"featured_media":45160,"comment_status":"closed","ping_status":"open","sticky":false,"template":"","format":"standard","meta":{"spay_email":"","footnotes":""},"categories":[37,8,49,52],"tags":[],"jetpack_featured_media_url":"https:\/\/i2.wp.com\/globalnewsmexico.com\/sitio\/wp-content\/uploads\/2020\/03\/1090910.jpg?fit=1040%2C693&ssl=1","jetpack_sharing_enabled":true,"jetpack_shortlink":"https:\/\/wp.me\/p9yqPL-bKn","jetpack_likes_enabled":true,"_links":{"self":[{"href":"https:\/\/globalnewsmexico.com\/sitio\/wp-json\/wp\/v2\/posts\/45159"}],"collection":[{"href":"https:\/\/globalnewsmexico.com\/sitio\/wp-json\/wp\/v2\/posts"}],"about":[{"href":"https:\/\/globalnewsmexico.com\/sitio\/wp-json\/wp\/v2\/types\/post"}],"author":[{"embeddable":true,"href":"https:\/\/globalnewsmexico.com\/sitio\/wp-json\/wp\/v2\/users\/5"}],"replies":[{"embeddable":true,"href":"https:\/\/globalnewsmexico.com\/sitio\/wp-json\/wp\/v2\/comments?post=45159"}],"version-history":[{"count":0,"href":"https:\/\/globalnewsmexico.com\/sitio\/wp-json\/wp\/v2\/posts\/45159\/revisions"}],"wp:featuredmedia":[{"embeddable":true,"href":"https:\/\/globalnewsmexico.com\/sitio\/wp-json\/wp\/v2\/media\/45160"}],"wp:attachment":[{"href":"https:\/\/globalnewsmexico.com\/sitio\/wp-json\/wp\/v2\/media?parent=45159"}],"wp:term":[{"taxonomy":"category","embeddable":true,"href":"https:\/\/globalnewsmexico.com\/sitio\/wp-json\/wp\/v2\/categories?post=45159"},{"taxonomy":"post_tag","embeddable":true,"href":"https:\/\/globalnewsmexico.com\/sitio\/wp-json\/wp\/v2\/tags?post=45159"}],"curies":[{"name":"wp","href":"https:\/\/api.w.org\/{rel}","templated":true}]}}