{"id":45250,"date":"2020-03-21T09:44:06","date_gmt":"2020-03-21T15:44:06","guid":{"rendered":"http:\/\/globalnewsmexico.com\/sitio\/?p=45250"},"modified":"2020-03-21T09:44:06","modified_gmt":"2020-03-21T15:44:06","slug":"capturan-a-probable-secuestrador-en-tuxpan-veracruz","status":"publish","type":"post","link":"https:\/\/globalnewsmexico.com\/sitio\/capturan-a-probable-secuestrador-en-tuxpan-veracruz\/","title":{"rendered":"Capturan a probable secuestrador en Tuxpan, Veracruz"},"content":{"rendered":"<p>La Unidad Especializada en Combate al Secuestro (UECS) con sede en Tuxpan, Veracruz, logr\u00f3 capturar a una persona se\u00f1alada del probable delito de secuestro.<\/p>\n<p>Jes\u00fas Enrique &#8216;N&#8217; fue capturado mediante una orden de aprehensi\u00f3n que ten\u00eda en su contra por el probable delito de secuestro agravado, en prejuicio de una persona de identidad resguardada, hechos ocurridos en febrero de 2017 en la ciudad de Papantla.<\/p>\n<p>Al probable secuestrador le fue impuesta la medida cautelar de prisi\u00f3n preventiva oficiosa, quedando en espera de situaci\u00f3n jur\u00eddica que se resolver\u00e1 en pr\u00f3ximas fechas en la continuaci\u00f3n de audiencia.<\/p>\n","protected":false},"excerpt":{"rendered":"<p>La Unidad Especializada en Combate al Secuestro (UECS) con sede en Tuxpan, Veracruz, logr\u00f3 capturar a una persona se\u00f1alada del probable delito de secuestro. Jes\u00fas Enrique &#8216;N&#8217; fue capturado mediante una orden de aprehensi\u00f3n que ten\u00eda en su contra por el probable delito de secuestro agravado, en prejuicio de una persona de identidad resguardada, hechos<a class=\"read-more\" href=\"https:\/\/globalnewsmexico.com\/sitio\/capturan-a-probable-secuestrador-en-tuxpan-veracruz\/\">Leer m\u00e1s<\/a><\/p>\n","protected":false},"author":5,"featured_media":45251,"comment_status":"closed","ping_status":"open","sticky":false,"template":"","format":"standard","meta":{"spay_email":"","footnotes":""},"categories":[37,8,50,52],"tags":[],"jetpack_featured_media_url":"https:\/\/i0.wp.com\/globalnewsmexico.com\/sitio\/wp-content\/uploads\/2020\/03\/IMG-20200321-WA0001_1040x1040.jpg?fit=1040%2C1040&ssl=1","jetpack_sharing_enabled":true,"jetpack_shortlink":"https:\/\/wp.me\/p9yqPL-bLQ","jetpack_likes_enabled":true,"_links":{"self":[{"href":"https:\/\/globalnewsmexico.com\/sitio\/wp-json\/wp\/v2\/posts\/45250"}],"collection":[{"href":"https:\/\/globalnewsmexico.com\/sitio\/wp-json\/wp\/v2\/posts"}],"about":[{"href":"https:\/\/globalnewsmexico.com\/sitio\/wp-json\/wp\/v2\/types\/post"}],"author":[{"embeddable":true,"href":"https:\/\/globalnewsmexico.com\/sitio\/wp-json\/wp\/v2\/users\/5"}],"replies":[{"embeddable":true,"href":"https:\/\/globalnewsmexico.com\/sitio\/wp-json\/wp\/v2\/comments?post=45250"}],"version-history":[{"count":0,"href":"https:\/\/globalnewsmexico.com\/sitio\/wp-json\/wp\/v2\/posts\/45250\/revisions"}],"wp:featuredmedia":[{"embeddable":true,"href":"https:\/\/globalnewsmexico.com\/sitio\/wp-json\/wp\/v2\/media\/45251"}],"wp:attachment":[{"href":"https:\/\/globalnewsmexico.com\/sitio\/wp-json\/wp\/v2\/media?parent=45250"}],"wp:term":[{"taxonomy":"category","embeddable":true,"href":"https:\/\/globalnewsmexico.com\/sitio\/wp-json\/wp\/v2\/categories?post=45250"},{"taxonomy":"post_tag","embeddable":true,"href":"https:\/\/globalnewsmexico.com\/sitio\/wp-json\/wp\/v2\/tags?post=45250"}],"curies":[{"name":"wp","href":"https:\/\/api.w.org\/{rel}","templated":true}]}}