{"id":45389,"date":"2020-03-24T12:08:40","date_gmt":"2020-03-24T18:08:40","guid":{"rendered":"http:\/\/globalnewsmexico.com\/sitio\/?p=45389"},"modified":"2020-03-24T12:08:40","modified_gmt":"2020-03-24T18:08:40","slug":"detienen-a-presunto-feminicida-en-san-andres-tuxtla-veracruz","status":"publish","type":"post","link":"https:\/\/globalnewsmexico.com\/sitio\/detienen-a-presunto-feminicida-en-san-andres-tuxtla-veracruz\/","title":{"rendered":"Detienen a presunto feminicida en San Andr\u00e9s Tuxtla, Veracruz"},"content":{"rendered":"<p>La Fiscal\u00eda Regional zona centro-Cosamaloapan, a trav\u00e9s de la Polic\u00eda Ministerial, detuvo a un presunto feminicida en el municipio de San Andr\u00e9s Tuxtla, Veracruz.<\/p>\n<p>Los hechos por los cuales Juan Carlos &#8216;N&#8217; fue detenido mediante una orden de aprehensi\u00f3n, ocurrieron el pasado 21 del mes y a\u00f1o en curso, en la colonia Bel\u00e9n Grande de San Andr\u00e9s Tuxtla, Veracruz, cuando despu\u00e9s de una supuesta discusi\u00f3n, el ahora detenido priv\u00f3 de la vida a quien se identifica con las iniciales H.C.A.<\/p>\n<p>Despu\u00e9s de las indagaciones por parte de la Polic\u00eda Ministerial y la orden de captura que tuviera en su contra Juan Carlos &#8216;N&#8217;, este fue capturado con estricto apego a sus derechos y canalizado ante la autoridad ministerial, y ser\u00e1 en pr\u00f3ximas fechas la definici\u00f3n de su situaci\u00f3n jur\u00eddica.<\/p>\n","protected":false},"excerpt":{"rendered":"<p>La Fiscal\u00eda Regional zona centro-Cosamaloapan, a trav\u00e9s de la Polic\u00eda Ministerial, detuvo a un presunto feminicida en el municipio de San Andr\u00e9s Tuxtla, Veracruz. Los hechos por los cuales Juan Carlos &#8216;N&#8217; fue detenido mediante una orden de aprehensi\u00f3n, ocurrieron el pasado 21 del mes y a\u00f1o en curso, en la colonia Bel\u00e9n Grande de<a class=\"read-more\" href=\"https:\/\/globalnewsmexico.com\/sitio\/detienen-a-presunto-feminicida-en-san-andres-tuxtla-veracruz\/\">Leer m\u00e1s<\/a><\/p>\n","protected":false},"author":5,"featured_media":45390,"comment_status":"closed","ping_status":"open","sticky":false,"template":"","format":"standard","meta":{"spay_email":"","footnotes":""},"categories":[37,8,50,52],"tags":[],"jetpack_featured_media_url":"https:\/\/i1.wp.com\/globalnewsmexico.com\/sitio\/wp-content\/uploads\/2020\/03\/aa4a4e13-400b-437c-871a-9172eaf49c7c.jpg?fit=1040%2C1040&ssl=1","jetpack_sharing_enabled":true,"jetpack_shortlink":"https:\/\/wp.me\/p9yqPL-bO5","jetpack_likes_enabled":true,"_links":{"self":[{"href":"https:\/\/globalnewsmexico.com\/sitio\/wp-json\/wp\/v2\/posts\/45389"}],"collection":[{"href":"https:\/\/globalnewsmexico.com\/sitio\/wp-json\/wp\/v2\/posts"}],"about":[{"href":"https:\/\/globalnewsmexico.com\/sitio\/wp-json\/wp\/v2\/types\/post"}],"author":[{"embeddable":true,"href":"https:\/\/globalnewsmexico.com\/sitio\/wp-json\/wp\/v2\/users\/5"}],"replies":[{"embeddable":true,"href":"https:\/\/globalnewsmexico.com\/sitio\/wp-json\/wp\/v2\/comments?post=45389"}],"version-history":[{"count":0,"href":"https:\/\/globalnewsmexico.com\/sitio\/wp-json\/wp\/v2\/posts\/45389\/revisions"}],"wp:featuredmedia":[{"embeddable":true,"href":"https:\/\/globalnewsmexico.com\/sitio\/wp-json\/wp\/v2\/media\/45390"}],"wp:attachment":[{"href":"https:\/\/globalnewsmexico.com\/sitio\/wp-json\/wp\/v2\/media?parent=45389"}],"wp:term":[{"taxonomy":"category","embeddable":true,"href":"https:\/\/globalnewsmexico.com\/sitio\/wp-json\/wp\/v2\/categories?post=45389"},{"taxonomy":"post_tag","embeddable":true,"href":"https:\/\/globalnewsmexico.com\/sitio\/wp-json\/wp\/v2\/tags?post=45389"}],"curies":[{"name":"wp","href":"https:\/\/api.w.org\/{rel}","templated":true}]}}