{"id":45421,"date":"2020-03-24T16:00:15","date_gmt":"2020-03-24T22:00:15","guid":{"rendered":"http:\/\/globalnewsmexico.com\/sitio\/?p=45421"},"modified":"2020-03-24T16:00:15","modified_gmt":"2020-03-24T22:00:15","slug":"china-levantara-cuarentena-en-wuhan-primer-foco-de-la-pandemia-de-coronavirus","status":"publish","type":"post","link":"https:\/\/globalnewsmexico.com\/sitio\/china-levantara-cuarentena-en-wuhan-primer-foco-de-la-pandemia-de-coronavirus\/","title":{"rendered":"China levantar\u00e1 cuarentena en Wuhan, primer foco de la pandemia de coronavirus"},"content":{"rendered":"<p>Autoridades de China informaron que este mi\u00e9rcoles se levantar\u00e1 la cuarentena en la provincia de Hubei, en donde fue primer foco de la pandemia de coronavirus.<\/p>\n<p>Detallaron que Wuhan tendr\u00e1 que esperar a\u00fan hasta el 8 de abril para alzar el confinamiento de sus casi 11 millones de habitantes, en la confirmaci\u00f3n definitiva de que China ya considera al coronavirus como derrotado.<\/p>\n<p>Cabe se\u00f1alar que este anuncio fue realizado por China un d\u00eda despu\u00e9s de que se hayan cumplido dos meses desde que se impuso un bloqueo por cuarentena en Wuhan, el pasado 23 de enero, que en 48 horas se hab\u00eda extendido al resto de ciudades de Hubei.<\/p>\n<p>En tanto que la Comisi\u00f3n Nacional de Sanidad no hab\u00eda anunciado nuevos contagios en la capital de la provincia desde el mi\u00e9rcoles pasado, mientras que este martes report\u00f3 uno.<\/p>\n<p>Fuente: Agencias<\/p>\n","protected":false},"excerpt":{"rendered":"<p>Autoridades de China informaron que este mi\u00e9rcoles se levantar\u00e1 la cuarentena en la provincia de Hubei, en donde fue primer foco de la pandemia de coronavirus. Detallaron que Wuhan tendr\u00e1 que esperar a\u00fan hasta el 8 de abril para alzar el confinamiento de sus casi 11 millones de habitantes, en la confirmaci\u00f3n definitiva de que<a class=\"read-more\" href=\"https:\/\/globalnewsmexico.com\/sitio\/china-levantara-cuarentena-en-wuhan-primer-foco-de-la-pandemia-de-coronavirus\/\">Leer m\u00e1s<\/a><\/p>\n","protected":false},"author":5,"featured_media":45422,"comment_status":"closed","ping_status":"open","sticky":false,"template":"","format":"standard","meta":{"spay_email":"","footnotes":""},"categories":[37,8,48,52],"tags":[],"jetpack_featured_media_url":"https:\/\/i0.wp.com\/globalnewsmexico.com\/sitio\/wp-content\/uploads\/2020\/03\/Captura-10.jpg?fit=1040%2C660&ssl=1","jetpack_sharing_enabled":true,"jetpack_shortlink":"https:\/\/wp.me\/p9yqPL-bOB","jetpack_likes_enabled":true,"_links":{"self":[{"href":"https:\/\/globalnewsmexico.com\/sitio\/wp-json\/wp\/v2\/posts\/45421"}],"collection":[{"href":"https:\/\/globalnewsmexico.com\/sitio\/wp-json\/wp\/v2\/posts"}],"about":[{"href":"https:\/\/globalnewsmexico.com\/sitio\/wp-json\/wp\/v2\/types\/post"}],"author":[{"embeddable":true,"href":"https:\/\/globalnewsmexico.com\/sitio\/wp-json\/wp\/v2\/users\/5"}],"replies":[{"embeddable":true,"href":"https:\/\/globalnewsmexico.com\/sitio\/wp-json\/wp\/v2\/comments?post=45421"}],"version-history":[{"count":0,"href":"https:\/\/globalnewsmexico.com\/sitio\/wp-json\/wp\/v2\/posts\/45421\/revisions"}],"wp:featuredmedia":[{"embeddable":true,"href":"https:\/\/globalnewsmexico.com\/sitio\/wp-json\/wp\/v2\/media\/45422"}],"wp:attachment":[{"href":"https:\/\/globalnewsmexico.com\/sitio\/wp-json\/wp\/v2\/media?parent=45421"}],"wp:term":[{"taxonomy":"category","embeddable":true,"href":"https:\/\/globalnewsmexico.com\/sitio\/wp-json\/wp\/v2\/categories?post=45421"},{"taxonomy":"post_tag","embeddable":true,"href":"https:\/\/globalnewsmexico.com\/sitio\/wp-json\/wp\/v2\/tags?post=45421"}],"curies":[{"name":"wp","href":"https:\/\/api.w.org\/{rel}","templated":true}]}}