{"id":45435,"date":"2020-03-25T10:03:52","date_gmt":"2020-03-25T16:03:52","guid":{"rendered":"http:\/\/globalnewsmexico.com\/sitio\/?p=45435"},"modified":"2020-03-25T10:03:52","modified_gmt":"2020-03-25T16:03:52","slug":"procedera-extradicion-de-emilio-lozoya-no-hay-impunidad-amlo","status":"publish","type":"post","link":"https:\/\/globalnewsmexico.com\/sitio\/procedera-extradicion-de-emilio-lozoya-no-hay-impunidad-amlo\/","title":{"rendered":"Proceder\u00e1 extradici\u00f3n de Emilio Lozoya, no hay impunidad: AMLO"},"content":{"rendered":"<p>El presidente Andr\u00e9s Manuel L\u00f3pez Obrador afirm\u00f3 que la extradici\u00f3n en contra de Emilio Lozoya, exdirector de Petr\u00f3leos Mexicanos (Pemex), proceder\u00e1 en Espa\u00f1a, pues no hay influyentismo.<\/p>\n<p>\u201cVa a proceder como los otros procesos que se est\u00e1n siguiendo, no hay impunidad, va a proceder esa extradici\u00f3n y otras que est\u00e1n ah\u00ed y no hay influyentismo\u201d, dijo.<\/p>\n<p>El pasado 24 de marzo, el Gobierno de M\u00e9xico solicit\u00f3 formalmente a Espa\u00f1a la extradici\u00f3n de Lozoya Austin ante la Audiencia Nacional Espa\u00f1ola. Actualmente, el exfuncionario se encuentra en la prisi\u00f3n de Navalcarnero, ubicada en Madrid.<\/p>\n<p>Previamente, el secretario de Relaciones Exteriores, Marcelo Ebrard, inform\u00f3 que esta semana se har\u00eda la petici\u00f3n antes de que venciera el plazo y ante la pandemia del coronavirus Covid-19.<\/p>\n<p>Fuente: Pol\u00edtico.mx<\/p>\n","protected":false},"excerpt":{"rendered":"<p>El presidente Andr\u00e9s Manuel L\u00f3pez Obrador afirm\u00f3 que la extradici\u00f3n en contra de Emilio Lozoya, exdirector de Petr\u00f3leos Mexicanos (Pemex), proceder\u00e1 en Espa\u00f1a, pues no hay influyentismo. \u201cVa a proceder como los otros procesos que se est\u00e1n siguiendo, no hay impunidad, va a proceder esa extradici\u00f3n y otras que est\u00e1n ah\u00ed y no hay influyentismo\u201d,<a class=\"read-more\" href=\"https:\/\/globalnewsmexico.com\/sitio\/procedera-extradicion-de-emilio-lozoya-no-hay-impunidad-amlo\/\">Leer m\u00e1s<\/a><\/p>\n","protected":false},"author":5,"featured_media":45436,"comment_status":"closed","ping_status":"open","sticky":false,"template":"","format":"standard","meta":{"spay_email":"","footnotes":""},"categories":[37,8,40,52],"tags":[],"jetpack_featured_media_url":"https:\/\/i1.wp.com\/globalnewsmexico.com\/sitio\/wp-content\/uploads\/2020\/03\/06_amlo_lozoya_120120_km.2e16d0ba.fill-800x400-c100.jpg?fit=1040%2C520&ssl=1","jetpack_sharing_enabled":true,"jetpack_shortlink":"https:\/\/wp.me\/p9yqPL-bOP","jetpack_likes_enabled":true,"_links":{"self":[{"href":"https:\/\/globalnewsmexico.com\/sitio\/wp-json\/wp\/v2\/posts\/45435"}],"collection":[{"href":"https:\/\/globalnewsmexico.com\/sitio\/wp-json\/wp\/v2\/posts"}],"about":[{"href":"https:\/\/globalnewsmexico.com\/sitio\/wp-json\/wp\/v2\/types\/post"}],"author":[{"embeddable":true,"href":"https:\/\/globalnewsmexico.com\/sitio\/wp-json\/wp\/v2\/users\/5"}],"replies":[{"embeddable":true,"href":"https:\/\/globalnewsmexico.com\/sitio\/wp-json\/wp\/v2\/comments?post=45435"}],"version-history":[{"count":0,"href":"https:\/\/globalnewsmexico.com\/sitio\/wp-json\/wp\/v2\/posts\/45435\/revisions"}],"wp:featuredmedia":[{"embeddable":true,"href":"https:\/\/globalnewsmexico.com\/sitio\/wp-json\/wp\/v2\/media\/45436"}],"wp:attachment":[{"href":"https:\/\/globalnewsmexico.com\/sitio\/wp-json\/wp\/v2\/media?parent=45435"}],"wp:term":[{"taxonomy":"category","embeddable":true,"href":"https:\/\/globalnewsmexico.com\/sitio\/wp-json\/wp\/v2\/categories?post=45435"},{"taxonomy":"post_tag","embeddable":true,"href":"https:\/\/globalnewsmexico.com\/sitio\/wp-json\/wp\/v2\/tags?post=45435"}],"curies":[{"name":"wp","href":"https:\/\/api.w.org\/{rel}","templated":true}]}}