{"id":45443,"date":"2020-03-25T11:00:12","date_gmt":"2020-03-25T17:00:12","guid":{"rendered":"http:\/\/globalnewsmexico.com\/sitio\/?p=45443"},"modified":"2020-03-25T11:00:13","modified_gmt":"2020-03-25T17:00:13","slug":"advierte-pc-por-ola-de-calor-en-veracruz-2","status":"publish","type":"post","link":"https:\/\/globalnewsmexico.com\/sitio\/advierte-pc-por-ola-de-calor-en-veracruz-2\/","title":{"rendered":"Advierte PC por ola de calor en Veracruz"},"content":{"rendered":"<p>La Secretar\u00eda de Protecci\u00f3n Civil de Veracruz inform\u00f3 que una ola de calor se registrar\u00e1 en la entidad a partir de este mi\u00e9rcoles, y prevalecer\u00e1 hasta el fin de semana.<\/p>\n<p>De acuerdo con la dependencia, el frente fr\u00edo que se hab\u00eda pronosticado se debilit\u00f3; sin embargo, el pr\u00f3ximo domingo se incrementar\u00edan los nublados y los vientos cambiar\u00edan de direcci\u00f3n norte con rachas de 25 a 35 kil\u00f3metros por hora.<\/p>\n","protected":false},"excerpt":{"rendered":"<p>La Secretar\u00eda de Protecci\u00f3n Civil de Veracruz inform\u00f3 que una ola de calor se registrar\u00e1 en la entidad a partir de este mi\u00e9rcoles, y prevalecer\u00e1 hasta el fin de semana. De acuerdo con la dependencia, el frente fr\u00edo que se hab\u00eda pronosticado se debilit\u00f3; sin embargo, el pr\u00f3ximo domingo se incrementar\u00edan los nublados y los<a class=\"read-more\" href=\"https:\/\/globalnewsmexico.com\/sitio\/advierte-pc-por-ola-de-calor-en-veracruz-2\/\">Leer m\u00e1s<\/a><\/p>\n","protected":false},"author":5,"featured_media":32180,"comment_status":"closed","ping_status":"open","sticky":false,"template":"","format":"standard","meta":{"spay_email":"","footnotes":""},"categories":[37,8,50,52],"tags":[],"jetpack_featured_media_url":"https:\/\/i2.wp.com\/globalnewsmexico.com\/sitio\/wp-content\/uploads\/2019\/08\/cropw0h0oladecalor.jpg?fit=1040%2C867&ssl=1","jetpack_sharing_enabled":true,"jetpack_shortlink":"https:\/\/wp.me\/p9yqPL-bOX","jetpack_likes_enabled":true,"_links":{"self":[{"href":"https:\/\/globalnewsmexico.com\/sitio\/wp-json\/wp\/v2\/posts\/45443"}],"collection":[{"href":"https:\/\/globalnewsmexico.com\/sitio\/wp-json\/wp\/v2\/posts"}],"about":[{"href":"https:\/\/globalnewsmexico.com\/sitio\/wp-json\/wp\/v2\/types\/post"}],"author":[{"embeddable":true,"href":"https:\/\/globalnewsmexico.com\/sitio\/wp-json\/wp\/v2\/users\/5"}],"replies":[{"embeddable":true,"href":"https:\/\/globalnewsmexico.com\/sitio\/wp-json\/wp\/v2\/comments?post=45443"}],"version-history":[{"count":0,"href":"https:\/\/globalnewsmexico.com\/sitio\/wp-json\/wp\/v2\/posts\/45443\/revisions"}],"wp:featuredmedia":[{"embeddable":true,"href":"https:\/\/globalnewsmexico.com\/sitio\/wp-json\/wp\/v2\/media\/32180"}],"wp:attachment":[{"href":"https:\/\/globalnewsmexico.com\/sitio\/wp-json\/wp\/v2\/media?parent=45443"}],"wp:term":[{"taxonomy":"category","embeddable":true,"href":"https:\/\/globalnewsmexico.com\/sitio\/wp-json\/wp\/v2\/categories?post=45443"},{"taxonomy":"post_tag","embeddable":true,"href":"https:\/\/globalnewsmexico.com\/sitio\/wp-json\/wp\/v2\/tags?post=45443"}],"curies":[{"name":"wp","href":"https:\/\/api.w.org\/{rel}","templated":true}]}}