{"id":45448,"date":"2020-03-25T11:39:46","date_gmt":"2020-03-25T17:39:46","guid":{"rendered":"http:\/\/globalnewsmexico.com\/sitio\/?p=45448"},"modified":"2020-03-25T11:39:46","modified_gmt":"2020-03-25T17:39:46","slug":"rescatara-fuerza-aerea-a-mexicanos-varados-en-argentina","status":"publish","type":"post","link":"https:\/\/globalnewsmexico.com\/sitio\/rescatara-fuerza-aerea-a-mexicanos-varados-en-argentina\/","title":{"rendered":"Rescatar\u00e1 Fuerza A\u00e9rea a mexicanos varados en Argentina"},"content":{"rendered":"<p>El presidente Andr\u00e9s Manuel L\u00f3pez Obrador anunci\u00f3 hoy que la Fuerza A\u00e9rea Mexicana traer\u00e1 a los mexicanos que se encuentran varados en Argentina, debido a la contingencia por el Covid-19.<\/p>\n<p>En su conferencia de prensa matutina, dijo que se tomar\u00e1n todas las medidas sanitarias para garantizar que la repatriaci\u00f3n de los connacionales se realice con los cuidados necesarios para la salud.<\/p>\n<p>Adem\u00e1s, indic\u00f3 que se toman las medidas necesarias para evitar un deterioro mayor de la econom\u00eda mexicana, y se vean menos afectados los peque\u00f1os y medianos comerciantes.<\/p>\n<p>Fuente: Notimex<\/p>\n","protected":false},"excerpt":{"rendered":"<p>El presidente Andr\u00e9s Manuel L\u00f3pez Obrador anunci\u00f3 hoy que la Fuerza A\u00e9rea Mexicana traer\u00e1 a los mexicanos que se encuentran varados en Argentina, debido a la contingencia por el Covid-19. En su conferencia de prensa matutina, dijo que se tomar\u00e1n todas las medidas sanitarias para garantizar que la repatriaci\u00f3n de los connacionales se realice con<a class=\"read-more\" href=\"https:\/\/globalnewsmexico.com\/sitio\/rescatara-fuerza-aerea-a-mexicanos-varados-en-argentina\/\">Leer m\u00e1s<\/a><\/p>\n","protected":false},"author":5,"featured_media":45449,"comment_status":"closed","ping_status":"open","sticky":false,"template":"","format":"standard","meta":{"spay_email":"","footnotes":""},"categories":[37,8,40,52],"tags":[],"jetpack_featured_media_url":"https:\/\/i1.wp.com\/globalnewsmexico.com\/sitio\/wp-content\/uploads\/2020\/03\/2331177.jpg?fit=1040%2C780&ssl=1","jetpack_sharing_enabled":true,"jetpack_shortlink":"https:\/\/wp.me\/p9yqPL-bP2","jetpack_likes_enabled":true,"_links":{"self":[{"href":"https:\/\/globalnewsmexico.com\/sitio\/wp-json\/wp\/v2\/posts\/45448"}],"collection":[{"href":"https:\/\/globalnewsmexico.com\/sitio\/wp-json\/wp\/v2\/posts"}],"about":[{"href":"https:\/\/globalnewsmexico.com\/sitio\/wp-json\/wp\/v2\/types\/post"}],"author":[{"embeddable":true,"href":"https:\/\/globalnewsmexico.com\/sitio\/wp-json\/wp\/v2\/users\/5"}],"replies":[{"embeddable":true,"href":"https:\/\/globalnewsmexico.com\/sitio\/wp-json\/wp\/v2\/comments?post=45448"}],"version-history":[{"count":0,"href":"https:\/\/globalnewsmexico.com\/sitio\/wp-json\/wp\/v2\/posts\/45448\/revisions"}],"wp:featuredmedia":[{"embeddable":true,"href":"https:\/\/globalnewsmexico.com\/sitio\/wp-json\/wp\/v2\/media\/45449"}],"wp:attachment":[{"href":"https:\/\/globalnewsmexico.com\/sitio\/wp-json\/wp\/v2\/media?parent=45448"}],"wp:term":[{"taxonomy":"category","embeddable":true,"href":"https:\/\/globalnewsmexico.com\/sitio\/wp-json\/wp\/v2\/categories?post=45448"},{"taxonomy":"post_tag","embeddable":true,"href":"https:\/\/globalnewsmexico.com\/sitio\/wp-json\/wp\/v2\/tags?post=45448"}],"curies":[{"name":"wp","href":"https:\/\/api.w.org\/{rel}","templated":true}]}}