{"id":45481,"date":"2020-03-26T09:04:08","date_gmt":"2020-03-26T15:04:08","guid":{"rendered":"http:\/\/globalnewsmexico.com\/sitio\/?p=45481"},"modified":"2020-03-26T09:04:08","modified_gmt":"2020-03-26T15:04:08","slug":"aumenta-desempleo-a-su-mayor-nivel-desde-2016-inegi","status":"publish","type":"post","link":"https:\/\/globalnewsmexico.com\/sitio\/aumenta-desempleo-a-su-mayor-nivel-desde-2016-inegi\/","title":{"rendered":"Aumenta desempleo a su mayor nivel desde 2016: Inegi"},"content":{"rendered":"<p>La tasa de desempleo se ubic\u00f3 en 3.7 por ciento durante febrero, un porcentaje mayor que el registrado en el primer mes del a\u00f1o, report\u00f3 el Instituto de Estad\u00edstica y Geograf\u00eda (Inegi), con series ajustadas por estacionalidad.<\/p>\n<p>Detall\u00f3 que el resultado del segundo mes del a\u00f1o estuvo por encima de lo esperado por los economistas, que calculaban una tasa de 3.5 por ciento.<\/p>\n<p>Carlos Gonzalez, subdirector de Estudios Econ\u00f3micos de Scotiabank, expres\u00f3 que \u201clas tasas de desocupaci\u00f3n original y desestacionalizada correspondientes a febrero, continuaron en sus niveles m\u00e1s altos para un mes similar desde 2016, en l\u00ednea con la pobre generaci\u00f3n de empleo IMSS, que en el mismo mes report\u00f3 su avance mensual m\u00e1s bajo en siete a\u00f1os, con una generaci\u00f3n de 123 mil 139 plazas\u201d.<\/p>\n<p>Para los pr\u00f3ximos meses se espera un aumento importante en el desempleo, debido a la previsible recesi\u00f3n econ\u00f3mica en 2020 y la ca\u00edda en el empleo por efecto de las medidas adoptadas en materia econ\u00f3mica para evitar los contagios del coronavirus.<\/p>\n<p>El Inegi precis\u00f3 que la tasa de desempleo considera a la poblaci\u00f3n que se encuentra sin trabajar, pero que est\u00e1 buscando trabajo.<\/p>\n<p>En tanto, la Tasa de Subocupaci\u00f3n, que mide el porcentaje de la poblaci\u00f3n ocupada que tiene la necesidad y disponibilidad de trabajar m\u00e1s horas de lo que su ocupaci\u00f3n actual le demanda, aument\u00f3 a 9.3 por ciento en febrero, luego del 7.5 por ciento de enero.<\/p>\n<p>En su comparaci\u00f3n anual, esta tasa fue mayor a la de febrero de un a\u00f1o antes, la cual se ubic\u00f3 en 6.8 por ciento.<\/p>\n<p>Mientras que la Tasa de Informalidad Laboral fue de 56.3 por ciento en el segundo mes de 2020 y la Tasa de Ocupaci\u00f3n en el Sector Informal represent\u00f3 27.4 por ciento durante febrero de este a\u00f1o.<\/p>\n<p>Fuente: Milenio<\/p>\n","protected":false},"excerpt":{"rendered":"<p>La tasa de desempleo se ubic\u00f3 en 3.7 por ciento durante febrero, un porcentaje mayor que el registrado en el primer mes del a\u00f1o, report\u00f3 el Instituto de Estad\u00edstica y Geograf\u00eda (Inegi), con series ajustadas por estacionalidad. Detall\u00f3 que el resultado del segundo mes del a\u00f1o estuvo por encima de lo esperado por los economistas,<a class=\"read-more\" href=\"https:\/\/globalnewsmexico.com\/sitio\/aumenta-desempleo-a-su-mayor-nivel-desde-2016-inegi\/\">Leer m\u00e1s<\/a><\/p>\n","protected":false},"author":5,"featured_media":45482,"comment_status":"closed","ping_status":"open","sticky":false,"template":"","format":"standard","meta":{"spay_email":"","footnotes":""},"categories":[37,8,39,52],"tags":[],"jetpack_featured_media_url":"https:\/\/i0.wp.com\/globalnewsmexico.com\/sitio\/wp-content\/uploads\/2020\/03\/1092128.jpg?fit=1024%2C683&ssl=1","jetpack_sharing_enabled":true,"jetpack_shortlink":"https:\/\/wp.me\/p9yqPL-bPz","jetpack_likes_enabled":true,"_links":{"self":[{"href":"https:\/\/globalnewsmexico.com\/sitio\/wp-json\/wp\/v2\/posts\/45481"}],"collection":[{"href":"https:\/\/globalnewsmexico.com\/sitio\/wp-json\/wp\/v2\/posts"}],"about":[{"href":"https:\/\/globalnewsmexico.com\/sitio\/wp-json\/wp\/v2\/types\/post"}],"author":[{"embeddable":true,"href":"https:\/\/globalnewsmexico.com\/sitio\/wp-json\/wp\/v2\/users\/5"}],"replies":[{"embeddable":true,"href":"https:\/\/globalnewsmexico.com\/sitio\/wp-json\/wp\/v2\/comments?post=45481"}],"version-history":[{"count":0,"href":"https:\/\/globalnewsmexico.com\/sitio\/wp-json\/wp\/v2\/posts\/45481\/revisions"}],"wp:featuredmedia":[{"embeddable":true,"href":"https:\/\/globalnewsmexico.com\/sitio\/wp-json\/wp\/v2\/media\/45482"}],"wp:attachment":[{"href":"https:\/\/globalnewsmexico.com\/sitio\/wp-json\/wp\/v2\/media?parent=45481"}],"wp:term":[{"taxonomy":"category","embeddable":true,"href":"https:\/\/globalnewsmexico.com\/sitio\/wp-json\/wp\/v2\/categories?post=45481"},{"taxonomy":"post_tag","embeddable":true,"href":"https:\/\/globalnewsmexico.com\/sitio\/wp-json\/wp\/v2\/tags?post=45481"}],"curies":[{"name":"wp","href":"https:\/\/api.w.org\/{rel}","templated":true}]}}