{"id":45487,"date":"2020-03-26T09:38:24","date_gmt":"2020-03-26T15:38:24","guid":{"rendered":"http:\/\/globalnewsmexico.com\/sitio\/?p=45487"},"modified":"2020-03-26T09:38:24","modified_gmt":"2020-03-26T15:38:24","slug":"fase-3-del-covid-19-se-va-a-dar-en-mexico-lopez-gatell","status":"publish","type":"post","link":"https:\/\/globalnewsmexico.com\/sitio\/fase-3-del-covid-19-se-va-a-dar-en-mexico-lopez-gatell\/","title":{"rendered":"Fase 3 del Covid-19 se va a dar en M\u00e9xico: L\u00f3pez-Gatell"},"content":{"rendered":"<p>El \u200b\u200b\u200b\u200b\u200b\u200bsubsecretario de Prevenci\u00f3n y Promoci\u00f3n de la Salud, Hugo L\u00f3pez-Gatell, reafirm\u00f3 que la Fase 3 de la estrategia para hacer frente a la pandemia del coronavirus Covid-19 se va a dar en M\u00e9xico.<\/p>\n<p>\u201cQue quede muy claro, la Fase 3 se va a dar\u201d, dijo el funcionario, quien indic\u00f3 que ah\u00ed radica la importancia de la sana distancia, para que al llegar a ese punto no se dupliquen los casos confirmados.<\/p>\n<p>\u00abLa epidemia no se quita de un d\u00eda para otro. Tengamos muy claro que eso no se puede lograr\u201d, agreg\u00f3 L\u00f3pez-Gatell acompa\u00f1ado del presidente.<\/p>\n<p>El funcionario indic\u00f3 que la importancia de la Fase 2 es que cuando se entr\u00e9 a la siguiente, cuando hay m\u00e1s transmisi\u00f3n, no se tengan muchos casos y provoquen que el sistema de salud se sature.<\/p>\n<p>\u201cEl tiempo de oportunidad es crucial\u201d, concluy\u00f3.<\/p>\n<p>Fuente: El Heraldo de M\u00e9xico<\/p>\n","protected":false},"excerpt":{"rendered":"<p>El \u200b\u200b\u200b\u200b\u200b\u200bsubsecretario de Prevenci\u00f3n y Promoci\u00f3n de la Salud, Hugo L\u00f3pez-Gatell, reafirm\u00f3 que la Fase 3 de la estrategia para hacer frente a la pandemia del coronavirus Covid-19 se va a dar en M\u00e9xico. \u201cQue quede muy claro, la Fase 3 se va a dar\u201d, dijo el funcionario, quien indic\u00f3 que ah\u00ed radica la importancia<a class=\"read-more\" href=\"https:\/\/globalnewsmexico.com\/sitio\/fase-3-del-covid-19-se-va-a-dar-en-mexico-lopez-gatell\/\">Leer m\u00e1s<\/a><\/p>\n","protected":false},"author":5,"featured_media":45488,"comment_status":"closed","ping_status":"open","sticky":false,"template":"","format":"standard","meta":{"spay_email":"","footnotes":""},"categories":[37,8,39,52],"tags":[],"jetpack_featured_media_url":"https:\/\/i2.wp.com\/globalnewsmexico.com\/sitio\/wp-content\/uploads\/2020\/03\/Captura3-1.jpg?fit=1040%2C642&ssl=1","jetpack_sharing_enabled":true,"jetpack_shortlink":"https:\/\/wp.me\/p9yqPL-bPF","jetpack_likes_enabled":true,"_links":{"self":[{"href":"https:\/\/globalnewsmexico.com\/sitio\/wp-json\/wp\/v2\/posts\/45487"}],"collection":[{"href":"https:\/\/globalnewsmexico.com\/sitio\/wp-json\/wp\/v2\/posts"}],"about":[{"href":"https:\/\/globalnewsmexico.com\/sitio\/wp-json\/wp\/v2\/types\/post"}],"author":[{"embeddable":true,"href":"https:\/\/globalnewsmexico.com\/sitio\/wp-json\/wp\/v2\/users\/5"}],"replies":[{"embeddable":true,"href":"https:\/\/globalnewsmexico.com\/sitio\/wp-json\/wp\/v2\/comments?post=45487"}],"version-history":[{"count":0,"href":"https:\/\/globalnewsmexico.com\/sitio\/wp-json\/wp\/v2\/posts\/45487\/revisions"}],"wp:featuredmedia":[{"embeddable":true,"href":"https:\/\/globalnewsmexico.com\/sitio\/wp-json\/wp\/v2\/media\/45488"}],"wp:attachment":[{"href":"https:\/\/globalnewsmexico.com\/sitio\/wp-json\/wp\/v2\/media?parent=45487"}],"wp:term":[{"taxonomy":"category","embeddable":true,"href":"https:\/\/globalnewsmexico.com\/sitio\/wp-json\/wp\/v2\/categories?post=45487"},{"taxonomy":"post_tag","embeddable":true,"href":"https:\/\/globalnewsmexico.com\/sitio\/wp-json\/wp\/v2\/tags?post=45487"}],"curies":[{"name":"wp","href":"https:\/\/api.w.org\/{rel}","templated":true}]}}