{"id":45494,"date":"2020-03-26T10:45:48","date_gmt":"2020-03-26T16:45:48","guid":{"rendered":"http:\/\/globalnewsmexico.com\/sitio\/?p=45494"},"modified":"2020-03-26T10:45:48","modified_gmt":"2020-03-26T16:45:48","slug":"lo-vinculan-a-proceso-por-tentativa-de-homicidio-y-privacion-de-la-libertad","status":"publish","type":"post","link":"https:\/\/globalnewsmexico.com\/sitio\/lo-vinculan-a-proceso-por-tentativa-de-homicidio-y-privacion-de-la-libertad\/","title":{"rendered":"Lo vinculan a proceso por tentativa de homicidio y privaci\u00f3n de la libertad"},"content":{"rendered":"<p>La Fiscal\u00eda Regional de la zona norte-Tuxpan, obtuvo de un juez de control la vinculaci\u00f3n a proceso de Juan Gabriel &#8216;N&#8217;, quien probablemente particip\u00f3 en hechos tipificados por la Ley como homicidio en grado de tentativa y privaci\u00f3n de la libertad f\u00edsica.<\/p>\n<p>Los hechos de los cuales se le responsabilizan tuvieron lugar el pasado 1 del mes en curso, cuando probablemente oblig\u00f3 a la v\u00edctima a abordar un veh\u00edculo automotor y posteriormente intent\u00f3 privarlo de la vida, empleando un arma punzocortante, por lo que fue trasladado al hospital civil donde le dieron atenci\u00f3n m\u00e9dica.<\/p>\n<p>El fiscal investigador adscrito a la Unidad Integral de Procuraci\u00f3n de Justicia (UIPJ), dio inicio a la carpeta de investigaci\u00f3n y obtuvo de la autoridad judicial la orden de aprehensi\u00f3n, que fue cumplimentada por agentes de la Polic\u00eda Ministerial; posteriormente Juan Gabriel &#8216;N&#8217; fue imputado a la probable comisi\u00f3n de los referidos delitos, en audiencia oral donde tambi\u00e9n le fue impuesta la medida cautelar de prisi\u00f3n preventiva por el lapso de un a\u00f1o.<\/p>\n<p>En segunda audiencia, el fiscal investigador obtuvo del juez la formal vinculaci\u00f3n del imputado, al proceso penal 30\/2020; as\u00ed como la ratificaci\u00f3n de la medida cautelar de prisi\u00f3n preventiva y fue determinado el termino de dos meses para la investigaci\u00f3n complementaria, por lo que el hoy investigado permanecer\u00e1 internado en el reclusorio regional, en espera de que el juez determine su situaci\u00f3n jur\u00eddica.<\/p>\n","protected":false},"excerpt":{"rendered":"<p>La Fiscal\u00eda Regional de la zona norte-Tuxpan, obtuvo de un juez de control la vinculaci\u00f3n a proceso de Juan Gabriel &#8216;N&#8217;, quien probablemente particip\u00f3 en hechos tipificados por la Ley como homicidio en grado de tentativa y privaci\u00f3n de la libertad f\u00edsica. Los hechos de los cuales se le responsabilizan tuvieron lugar el pasado 1<a class=\"read-more\" href=\"https:\/\/globalnewsmexico.com\/sitio\/lo-vinculan-a-proceso-por-tentativa-de-homicidio-y-privacion-de-la-libertad\/\">Leer m\u00e1s<\/a><\/p>\n","protected":false},"author":5,"featured_media":45495,"comment_status":"closed","ping_status":"open","sticky":false,"template":"","format":"standard","meta":{"spay_email":"","footnotes":""},"categories":[37,8,50,52],"tags":[],"jetpack_featured_media_url":"https:\/\/i2.wp.com\/globalnewsmexico.com\/sitio\/wp-content\/uploads\/2020\/03\/a52ae848-ae1e-4c32-a54d-7d3343a811b1.jpg?fit=1040%2C1040&ssl=1","jetpack_sharing_enabled":true,"jetpack_shortlink":"https:\/\/wp.me\/p9yqPL-bPM","jetpack_likes_enabled":true,"_links":{"self":[{"href":"https:\/\/globalnewsmexico.com\/sitio\/wp-json\/wp\/v2\/posts\/45494"}],"collection":[{"href":"https:\/\/globalnewsmexico.com\/sitio\/wp-json\/wp\/v2\/posts"}],"about":[{"href":"https:\/\/globalnewsmexico.com\/sitio\/wp-json\/wp\/v2\/types\/post"}],"author":[{"embeddable":true,"href":"https:\/\/globalnewsmexico.com\/sitio\/wp-json\/wp\/v2\/users\/5"}],"replies":[{"embeddable":true,"href":"https:\/\/globalnewsmexico.com\/sitio\/wp-json\/wp\/v2\/comments?post=45494"}],"version-history":[{"count":0,"href":"https:\/\/globalnewsmexico.com\/sitio\/wp-json\/wp\/v2\/posts\/45494\/revisions"}],"wp:featuredmedia":[{"embeddable":true,"href":"https:\/\/globalnewsmexico.com\/sitio\/wp-json\/wp\/v2\/media\/45495"}],"wp:attachment":[{"href":"https:\/\/globalnewsmexico.com\/sitio\/wp-json\/wp\/v2\/media?parent=45494"}],"wp:term":[{"taxonomy":"category","embeddable":true,"href":"https:\/\/globalnewsmexico.com\/sitio\/wp-json\/wp\/v2\/categories?post=45494"},{"taxonomy":"post_tag","embeddable":true,"href":"https:\/\/globalnewsmexico.com\/sitio\/wp-json\/wp\/v2\/tags?post=45494"}],"curies":[{"name":"wp","href":"https:\/\/api.w.org\/{rel}","templated":true}]}}